{"id":9957,"date":"2017-03-28T22:56:22","date_gmt":"2017-03-28T20:56:22","guid":{"rendered":"http:\/\/haargaard.se\/?p=9957"},"modified":"2017-03-28T22:56:22","modified_gmt":"2017-03-28T20:56:22","slug":"forsta-blommorna-planterade-for-i-ar","status":"publish","type":"post","link":"https:\/\/haargaard.se\/?p=9957","title":{"rendered":"F\u00f6rsta blommorna planterade f\u00f6r i \u00e5r"},"content":{"rendered":"<p style=\"text-align: center;\">S\u00e5 var de f\u00f6rsta blommorna utplanterade f\u00f6r i \u00e5r. Bellis och pelargonskott. De d\u00e4r pelargonerna \u00e4r f\u00f6rs\u00f6ksverksamhet. Det \u00e4r v\u00e4l kallt f\u00f6r pelargoner ute \u00e4n men det blev tre skott som hamnade i utekrukan direkt och tre som f\u00e5r bo inne ett bra tag till. F\u00e5r se hur det g\u00e5r f\u00f6r de stackarna som f\u00e5r frysa. Vet att jag st\u00e4llde ut pelargonerna v\u00e4ldigt tidigt ett f\u00f6r ett antal \u00e5r sedan. De blev s\u00e5 t\u00e4ta och fina. Inte s\u00e5 d\u00e4r l\u00e5nga och rangliga som de annars kan bli n\u00e4r de bor varmt och med d\u00e5ligt ljus. Det l\u00e5g faktiskt ett krassefr\u00f6 som blivit kvar fr\u00e5n f\u00f6rra sommarens blomning. Det fick ocks\u00e5 slinka ner. Ska ocks\u00e5 bli v\u00e4ldigt sp\u00e4nnande att se om det tar sig.<\/p>\n<p style=\"text-align: center;\"><a href=\"https:\/\/haargaard.se\/wp-content\/uploads\/2017\/03\/IMG_53371.jpg\"><img loading=\"lazy\" class=\"alignnone size-medium wp-image-9958\" src=\"https:\/\/haargaard.se\/wp-content\/uploads\/2017\/03\/IMG_53371-300x225.jpg\" alt=\"IMG_5337[1]\" width=\"300\" height=\"225\" srcset=\"https:\/\/haargaard.se\/wp-content\/uploads\/2017\/03\/IMG_53371-300x225.jpg 300w, https:\/\/haargaard.se\/wp-content\/uploads\/2017\/03\/IMG_53371-768x576.jpg 768w, https:\/\/haargaard.se\/wp-content\/uploads\/2017\/03\/IMG_53371-1024x768.jpg 1024w\" sizes=\"(max-width: 300px) 100vw, 300px\" \/><\/a><\/p>\n","protected":false},"excerpt":{"rendered":"<p>S\u00e5 var de f\u00f6rsta blommorna utplanterade f\u00f6r i \u00e5r. Bellis och pelargonskott. De d\u00e4r pelargonerna \u00e4r f\u00f6rs\u00f6ksverksamhet. Det \u00e4r v\u00e4l kallt f\u00f6r pelargoner ute \u00e4n men det blev tre skott som hamnade i utekrukan direkt och tre som f\u00e5r bo &hellip; <a href=\"https:\/\/haargaard.se\/?p=9957\">Continue reading <span class=\"meta-nav\">&rarr;<\/span><\/a><\/p>\n","protected":false},"author":1,"featured_media":0,"comment_status":"open","ping_status":"open","sticky":false,"template":"","format":"standard","meta":{"spay_email":"","jetpack_publicize_message":"","jetpack_is_tweetstorm":false,"jetpack_publicize_feature_enabled":true},"categories":[8,52,6],"tags":[820,672,678],"jetpack_featured_media_url":"","jetpack_publicize_connections":[],"jetpack_sharing_enabled":true,"jetpack_shortlink":"https:\/\/wp.me\/p41RA4-2AB","_links":{"self":[{"href":"https:\/\/haargaard.se\/index.php?rest_route=\/wp\/v2\/posts\/9957"}],"collection":[{"href":"https:\/\/haargaard.se\/index.php?rest_route=\/wp\/v2\/posts"}],"about":[{"href":"https:\/\/haargaard.se\/index.php?rest_route=\/wp\/v2\/types\/post"}],"author":[{"embeddable":true,"href":"https:\/\/haargaard.se\/index.php?rest_route=\/wp\/v2\/users\/1"}],"replies":[{"embeddable":true,"href":"https:\/\/haargaard.se\/index.php?rest_route=%2Fwp%2Fv2%2Fcomments&post=9957"}],"version-history":[{"count":1,"href":"https:\/\/haargaard.se\/index.php?rest_route=\/wp\/v2\/posts\/9957\/revisions"}],"predecessor-version":[{"id":9959,"href":"https:\/\/haargaard.se\/index.php?rest_route=\/wp\/v2\/posts\/9957\/revisions\/9959"}],"wp:attachment":[{"href":"https:\/\/haargaard.se\/index.php?rest_route=%2Fwp%2Fv2%2Fmedia&parent=9957"}],"wp:term":[{"taxonomy":"category","embeddable":true,"href":"https:\/\/haargaard.se\/index.php?rest_route=%2Fwp%2Fv2%2Fcategories&post=9957"},{"taxonomy":"post_tag","embeddable":true,"href":"https:\/\/haargaard.se\/index.php?rest_route=%2Fwp%2Fv2%2Ftags&post=9957"}],"curies":[{"name":"wp","href":"https:\/\/api.w.org\/{rel}","templated":true}]}}