{"id":9758,"date":"2017-02-22T23:13:54","date_gmt":"2017-02-22T21:13:54","guid":{"rendered":"http:\/\/haargaard.se\/?p=9758"},"modified":"2017-02-22T23:13:54","modified_gmt":"2017-02-22T21:13:54","slug":"kontorsplats-med-utsikt-over-gota-alv","status":"publish","type":"post","link":"https:\/\/haargaard.se\/?p=9758","title":{"rendered":"Kontorsplats med utsikt \u00f6ver G\u00f6ta \u00e4lv"},"content":{"rendered":"<p style=\"text-align: center;\">H\u00e4r g\u00e5r det undan. <a href=\"https:\/\/haargaard.se\/?p=9745\" target=\"_blank\">Blev erbjuden och tackade ja till ett nytt jobb i fredags<\/a> och s\u00e5 h\u00e4r onsdagen efter jobbade jag f\u00f6rsta dagen som senior <a href=\"http:\/\/www.poyry.se\/tjanster\/miljo\" target=\"_blank\">milj\u00f6konsult<\/a> p\u00e5 <a href=\"http:\/\/www.poyry.se\/\" target=\"_blank\">P\u00f6yry Sweden AB<\/a>. Kommer under upps\u00e4gningstiden att jobba deltid f\u00f6r att avlasta mina nya kollegor. Har en del flex och semester kvar att anv\u00e4nda innan jag tar mig an det nya p\u00e5 heltid.<\/p>\n<p style=\"text-align: center;\">Nya kontorsplatsen blev ett delat rum med utsikt \u00f6ver en liten snutt av G\u00f6ta \u00e4lv.<\/p>\n<p style=\"text-align: center;\"><a href=\"https:\/\/haargaard.se\/wp-content\/uploads\/2017\/02\/IMG_48541.jpg\"><img loading=\"lazy\" class=\"alignnone size-medium wp-image-9759\" src=\"https:\/\/haargaard.se\/wp-content\/uploads\/2017\/02\/IMG_48541-300x225.jpg\" alt=\"IMG_4854[1]\" width=\"300\" height=\"225\" srcset=\"https:\/\/haargaard.se\/wp-content\/uploads\/2017\/02\/IMG_48541-300x225.jpg 300w, https:\/\/haargaard.se\/wp-content\/uploads\/2017\/02\/IMG_48541-768x576.jpg 768w, https:\/\/haargaard.se\/wp-content\/uploads\/2017\/02\/IMG_48541-1024x768.jpg 1024w\" sizes=\"(max-width: 300px) 100vw, 300px\" \/><\/a><\/p>\n","protected":false},"excerpt":{"rendered":"<p>H\u00e4r g\u00e5r det undan. Blev erbjuden och tackade ja till ett nytt jobb i fredags och s\u00e5 h\u00e4r onsdagen efter jobbade jag f\u00f6rsta dagen som senior milj\u00f6konsult p\u00e5 P\u00f6yry Sweden AB. Kommer under upps\u00e4gningstiden att jobba deltid f\u00f6r att avlasta &hellip; <a href=\"https:\/\/haargaard.se\/?p=9758\">Continue reading <span class=\"meta-nav\">&rarr;<\/span><\/a><\/p>\n","protected":false},"author":1,"featured_media":0,"comment_status":"open","ping_status":"open","sticky":false,"template":"","format":"standard","meta":{"spay_email":"","jetpack_publicize_message":"","jetpack_is_tweetstorm":false,"jetpack_publicize_feature_enabled":true},"categories":[1],"tags":[812],"jetpack_featured_media_url":"","jetpack_publicize_connections":[],"jetpack_sharing_enabled":true,"jetpack_shortlink":"https:\/\/wp.me\/p41RA4-2xo","_links":{"self":[{"href":"https:\/\/haargaard.se\/index.php?rest_route=\/wp\/v2\/posts\/9758"}],"collection":[{"href":"https:\/\/haargaard.se\/index.php?rest_route=\/wp\/v2\/posts"}],"about":[{"href":"https:\/\/haargaard.se\/index.php?rest_route=\/wp\/v2\/types\/post"}],"author":[{"embeddable":true,"href":"https:\/\/haargaard.se\/index.php?rest_route=\/wp\/v2\/users\/1"}],"replies":[{"embeddable":true,"href":"https:\/\/haargaard.se\/index.php?rest_route=%2Fwp%2Fv2%2Fcomments&post=9758"}],"version-history":[{"count":1,"href":"https:\/\/haargaard.se\/index.php?rest_route=\/wp\/v2\/posts\/9758\/revisions"}],"predecessor-version":[{"id":9760,"href":"https:\/\/haargaard.se\/index.php?rest_route=\/wp\/v2\/posts\/9758\/revisions\/9760"}],"wp:attachment":[{"href":"https:\/\/haargaard.se\/index.php?rest_route=%2Fwp%2Fv2%2Fmedia&parent=9758"}],"wp:term":[{"taxonomy":"category","embeddable":true,"href":"https:\/\/haargaard.se\/index.php?rest_route=%2Fwp%2Fv2%2Fcategories&post=9758"},{"taxonomy":"post_tag","embeddable":true,"href":"https:\/\/haargaard.se\/index.php?rest_route=%2Fwp%2Fv2%2Ftags&post=9758"}],"curies":[{"name":"wp","href":"https:\/\/api.w.org\/{rel}","templated":true}]}}