{"id":9592,"date":"2017-01-21T23:34:57","date_gmt":"2017-01-21T21:34:57","guid":{"rendered":"http:\/\/haargaard.se\/?p=9592"},"modified":"2017-01-21T23:35:45","modified_gmt":"2017-01-21T21:35:45","slug":"heldag-med-oppet-hus-for-projekt-vasterport","status":"publish","type":"post","link":"https:\/\/haargaard.se\/?p=9592","title":{"rendered":"Heldag med \u00f6ppet hus f\u00f6r Projekt V\u00e4sterport"},"content":{"rendered":"<p style=\"text-align: center;\">Det blev en heldag jobb med <a href=\"http:\/\/www.varberg.se\/trafikinfrastruktur\/samhallsutvecklingochplanering\/stadsutvecklingsprojektet\/projektvasterport.4.409b7ad7144f9a5c5ae254c2.html\" target=\"_blank\">\u00f6ppet hus f\u00f6r Projekt V\u00e4sterport<\/a>. <a href=\"https:\/\/www.youtube.com\/watch?v=O3B7eZ-O4Tg\" target=\"_blank\">De tre arkitektteamen skulle presentera sina f\u00f6rslag till hur den nya stadsdelen V\u00e4sterport i Varberg kan komma att se ut<\/a>. Det kom otroligt mycket folk, drygt 700 personer. Tv\u00e5 i stort sett fullsatta presentationer med plats f\u00f6r 250 personer sittandes. Roligt att det \u00e4r ett s\u00e5 stort intresse!<\/p>\n<p style=\"text-align: center;\"><a href=\"https:\/\/haargaard.se\/wp-content\/uploads\/2017\/01\/IMG_44981.jpg\"><img loading=\"lazy\" class=\"alignnone size-medium wp-image-9593\" src=\"https:\/\/haargaard.se\/wp-content\/uploads\/2017\/01\/IMG_44981-300x225.jpg\" alt=\"IMG_4498[1]\" width=\"300\" height=\"225\" srcset=\"https:\/\/haargaard.se\/wp-content\/uploads\/2017\/01\/IMG_44981-300x225.jpg 300w, https:\/\/haargaard.se\/wp-content\/uploads\/2017\/01\/IMG_44981-768x576.jpg 768w, https:\/\/haargaard.se\/wp-content\/uploads\/2017\/01\/IMG_44981-1024x768.jpg 1024w\" sizes=\"(max-width: 300px) 100vw, 300px\" \/><\/a><\/p>\n","protected":false},"excerpt":{"rendered":"<p>Det blev en heldag jobb med \u00f6ppet hus f\u00f6r Projekt V\u00e4sterport. De tre arkitektteamen skulle presentera sina f\u00f6rslag till hur den nya stadsdelen V\u00e4sterport i Varberg kan komma att se ut. Det kom otroligt mycket folk, drygt 700 personer. Tv\u00e5 &hellip; <a href=\"https:\/\/haargaard.se\/?p=9592\">Continue reading <span class=\"meta-nav\">&rarr;<\/span><\/a><\/p>\n","protected":false},"author":1,"featured_media":0,"comment_status":"open","ping_status":"open","sticky":false,"template":"","format":"standard","meta":{"spay_email":"","jetpack_publicize_message":"","jetpack_is_tweetstorm":false,"jetpack_publicize_feature_enabled":true},"categories":[1],"tags":[801],"jetpack_featured_media_url":"","jetpack_publicize_connections":[],"jetpack_sharing_enabled":true,"jetpack_shortlink":"https:\/\/wp.me\/p41RA4-2uI","_links":{"self":[{"href":"https:\/\/haargaard.se\/index.php?rest_route=\/wp\/v2\/posts\/9592"}],"collection":[{"href":"https:\/\/haargaard.se\/index.php?rest_route=\/wp\/v2\/posts"}],"about":[{"href":"https:\/\/haargaard.se\/index.php?rest_route=\/wp\/v2\/types\/post"}],"author":[{"embeddable":true,"href":"https:\/\/haargaard.se\/index.php?rest_route=\/wp\/v2\/users\/1"}],"replies":[{"embeddable":true,"href":"https:\/\/haargaard.se\/index.php?rest_route=%2Fwp%2Fv2%2Fcomments&post=9592"}],"version-history":[{"count":2,"href":"https:\/\/haargaard.se\/index.php?rest_route=\/wp\/v2\/posts\/9592\/revisions"}],"predecessor-version":[{"id":9595,"href":"https:\/\/haargaard.se\/index.php?rest_route=\/wp\/v2\/posts\/9592\/revisions\/9595"}],"wp:attachment":[{"href":"https:\/\/haargaard.se\/index.php?rest_route=%2Fwp%2Fv2%2Fmedia&parent=9592"}],"wp:term":[{"taxonomy":"category","embeddable":true,"href":"https:\/\/haargaard.se\/index.php?rest_route=%2Fwp%2Fv2%2Fcategories&post=9592"},{"taxonomy":"post_tag","embeddable":true,"href":"https:\/\/haargaard.se\/index.php?rest_route=%2Fwp%2Fv2%2Ftags&post=9592"}],"curies":[{"name":"wp","href":"https:\/\/api.w.org\/{rel}","templated":true}]}}