{"id":954,"date":"2013-10-03T21:39:57","date_gmt":"2013-10-03T19:39:57","guid":{"rendered":"http:\/\/haargaard.se\/?p=954"},"modified":"2013-10-03T21:39:57","modified_gmt":"2013-10-03T19:39:57","slug":"vallgraven-over-gardsplan-nastan-helt-borta","status":"publish","type":"post","link":"https:\/\/haargaard.se\/?p=954","title":{"rendered":"Vallgraven \u00f6ver g\u00e5rdsplan n\u00e4stan helt borta"},"content":{"rendered":"<p style=\"text-align: center;\">Var sliten och d\u00e5lig s\u00e5 jag k\u00f6rde hem lite tidigare fr\u00e5n jobbet f\u00f6r att bara sv\u00e4nga f\u00f6rbi Apoteket f\u00f6r att k\u00f6pa avmaskning till h\u00e4starna och sen \u00e5ka raka sp\u00e5ret hem f\u00f6r att vila. N\u00e4r jag var n\u00e4stan framme i Tv\u00e5\u00e5ker ringde kollegan och ber\u00e4ttade att min pl\u00e5nbok l\u00e5g kvar i hans bil efter vi var och k\u00f6pte lunch. Bara att v\u00e4nda och k\u00f6ra tillbaka till jobbet. Gick precis om sista kollegan som l\u00e5st och larmat p\u00e5. Givetvis blev det n\u00e5got knas p\u00e5 larmet s\u00e5 det gick ig\u00e5ng. Ett j\u00e4dra tjutande och ringande till larmbolaget. Det g\u00e5r bra nu&#8230;<\/p>\n<p style=\"text-align: center;\">N\u00e4r jag kom hem pratade jag med gr\u00e4varen som tyckte ikv\u00e4ll var en bra kv\u00e4ll att l\u00e4gga igen g\u00e5rdsplan. Det hotas visst med s\u00e4mre v\u00e4der. Svida om till jobbarkl\u00e4der och ut efter att ha tryckt i mig n\u00e5gra av helggodisarna s\u00e5 h\u00e4r p\u00e5 en torsdagskv\u00e4ll.<\/p>\n<p style=\"text-align: center;\"><a href=\"https:\/\/haargaard.se\/wp-content\/uploads\/2013\/10\/IMG_41621.jpg\"><img loading=\"lazy\" class=\"alignnone size-medium wp-image-955\" alt=\"IMG_4162[1]\" src=\"https:\/\/haargaard.se\/wp-content\/uploads\/2013\/10\/IMG_41621-300x225.jpg\" width=\"300\" height=\"225\" srcset=\"https:\/\/haargaard.se\/wp-content\/uploads\/2013\/10\/IMG_41621-300x225.jpg 300w, https:\/\/haargaard.se\/wp-content\/uploads\/2013\/10\/IMG_41621-1024x768.jpg 1024w\" sizes=\"(max-width: 300px) 100vw, 300px\" \/><\/a><\/p>\n<p style=\"text-align: center;\">Hade sl\u00e4ngt p\u00e5 finsand som skydd ovanp\u00e5 sen innan.<\/p>\n<p style=\"text-align: center;\"><a href=\"https:\/\/haargaard.se\/wp-content\/uploads\/2013\/10\/IMG_41651.jpg\"><img loading=\"lazy\" class=\"alignnone size-medium wp-image-956\" alt=\"IMG_4165[1]\" src=\"https:\/\/haargaard.se\/wp-content\/uploads\/2013\/10\/IMG_41651-300x225.jpg\" width=\"300\" height=\"225\" srcset=\"https:\/\/haargaard.se\/wp-content\/uploads\/2013\/10\/IMG_41651-300x225.jpg 300w, https:\/\/haargaard.se\/wp-content\/uploads\/2013\/10\/IMG_41651-1024x768.jpg 1024w\" sizes=\"(max-width: 300px) 100vw, 300px\" \/><\/a> <a href=\"https:\/\/haargaard.se\/wp-content\/uploads\/2013\/10\/IMG_41691.jpg\"><img loading=\"lazy\" class=\"alignnone size-medium wp-image-957\" alt=\"IMG_4169[1]\" src=\"https:\/\/haargaard.se\/wp-content\/uploads\/2013\/10\/IMG_41691-e1380825799542-225x300.jpg\" width=\"225\" height=\"300\" srcset=\"https:\/\/haargaard.se\/wp-content\/uploads\/2013\/10\/IMG_41691-e1380825799542-225x300.jpg 225w, https:\/\/haargaard.se\/wp-content\/uploads\/2013\/10\/IMG_41691-e1380825799542-768x1024.jpg 768w\" sizes=\"(max-width: 225px) 100vw, 225px\" \/><\/a><\/p>\n<p style=\"text-align: center;\">T\u00e4nk s\u00e5 snabbt och l\u00e4tt det g\u00e5r n\u00e4r det \u00e4r riktiga grejer&#8230;<\/p>\n<p style=\"text-align: center;\"><a href=\"https:\/\/haargaard.se\/wp-content\/uploads\/2013\/10\/IMG_41721.jpg\"><img loading=\"lazy\" class=\"alignnone size-medium wp-image-959\" alt=\"IMG_4172[1]\" src=\"https:\/\/haargaard.se\/wp-content\/uploads\/2013\/10\/IMG_41721-300x225.jpg\" width=\"300\" height=\"225\" srcset=\"https:\/\/haargaard.se\/wp-content\/uploads\/2013\/10\/IMG_41721-300x225.jpg 300w, https:\/\/haargaard.se\/wp-content\/uploads\/2013\/10\/IMG_41721-1024x768.jpg 1024w\" sizes=\"(max-width: 300px) 100vw, 300px\" \/><\/a><\/p>\n<p style=\"text-align: center;\">\n<p style=\"text-align: center;\">Har l\u00e4mnat sista biten in mot pannrummet ofyllt. Den liksom den andra \u00e4nden som g\u00e5r in i acktankrummet ska f\u00e5 lite extra isolering p\u00e5 f\u00f6rst innan igenfyllning. K\u00e4nns on\u00f6digt att riskera att det fryser n\u00e4r det g\u00e5r upp lite ytligare in i husen. I vattenslangen fr\u00e5n acktankrummet har r\u00f6rmokarna lagt i en v\u00e4rmekabel, om utifall att. I vinter ska vi v\u00e4l i alla fall slippa fruset vatten.<\/p>\n<p style=\"text-align: center;\">\u00a0<img loading=\"lazy\" class=\"alignnone size-medium wp-image-958\" style=\"font-size: 12px; line-height: 18px;\" alt=\"IMG_4170[1]\" src=\"https:\/\/haargaard.se\/wp-content\/uploads\/2013\/10\/IMG_41701-e1380825825708-225x300.jpg\" width=\"225\" height=\"300\" srcset=\"https:\/\/haargaard.se\/wp-content\/uploads\/2013\/10\/IMG_41701-e1380825825708-225x300.jpg 225w, https:\/\/haargaard.se\/wp-content\/uploads\/2013\/10\/IMG_41701-e1380825825708-768x1024.jpg 768w\" sizes=\"(max-width: 225px) 100vw, 225px\" \/>\u00a0<a href=\"https:\/\/haargaard.se\/wp-content\/uploads\/2013\/10\/IMG_41601.jpg\"><img loading=\"lazy\" class=\"alignnone size-medium wp-image-965\" alt=\"IMG_4160[1]\" src=\"https:\/\/haargaard.se\/wp-content\/uploads\/2013\/10\/IMG_41601-300x225.jpg\" width=\"300\" height=\"225\" srcset=\"https:\/\/haargaard.se\/wp-content\/uploads\/2013\/10\/IMG_41601-300x225.jpg 300w, https:\/\/haargaard.se\/wp-content\/uploads\/2013\/10\/IMG_41601-1024x768.jpg 1024w\" sizes=\"(max-width: 300px) 100vw, 300px\" \/><\/a><\/p>\n<p style=\"text-align: center;\">\n<p style=\"text-align: center;\">Hade verkligen ingen ork egentligen f\u00f6r ett kv\u00e4llspass men s\u00e5 gott att ha det gjort, tack!<\/p>\n<p style=\"text-align: center;\">D\u00e5 s\u00e5, g\u00e5rdsplanen n\u00e4stan f\u00e4rdig. Bara resten kvar&#8230;<\/p>\n<p style=\"text-align: center;\">\u00a0<a href=\"https:\/\/haargaard.se\/wp-content\/uploads\/2013\/10\/IMG_41741.jpg\"><img loading=\"lazy\" class=\"alignnone size-medium wp-image-960\" alt=\"IMG_4174[1]\" src=\"https:\/\/haargaard.se\/wp-content\/uploads\/2013\/10\/IMG_41741-e1380825767947-225x300.jpg\" width=\"225\" height=\"300\" srcset=\"https:\/\/haargaard.se\/wp-content\/uploads\/2013\/10\/IMG_41741-e1380825767947-225x300.jpg 225w, https:\/\/haargaard.se\/wp-content\/uploads\/2013\/10\/IMG_41741-e1380825767947-768x1024.jpg 768w\" sizes=\"(max-width: 225px) 100vw, 225px\" \/><\/a> <a href=\"https:\/\/haargaard.se\/wp-content\/uploads\/2013\/10\/IMG_41751.jpg\"><img loading=\"lazy\" class=\"alignnone size-medium wp-image-961\" alt=\"IMG_4175[1]\" src=\"https:\/\/haargaard.se\/wp-content\/uploads\/2013\/10\/IMG_41751-300x225.jpg\" width=\"300\" height=\"225\" srcset=\"https:\/\/haargaard.se\/wp-content\/uploads\/2013\/10\/IMG_41751-300x225.jpg 300w, https:\/\/haargaard.se\/wp-content\/uploads\/2013\/10\/IMG_41751-1024x768.jpg 1024w\" sizes=\"(max-width: 300px) 100vw, 300px\" \/><\/a><\/p>\n<p style=\"text-align: center;\">N\u00e4r gr\u00e4varen \u00e4nd\u00e5 h\u00f6ll p\u00e5 drogs marken av utanf\u00f6r de stora portarna in till ladan som jag inte har kunnat \u00f6ppna f\u00f6r att portarna g\u00e5tt i marken. D\u00e4r under var den gamla stensatta g\u00e5rdsplanen. En vacker dag kanske jag f\u00e5r tid och ork att plocka fram den gamla stenl\u00e4ggningen. Allt \u00e4r i o f s inte kvar men det som fortfarande finns d\u00e4r under gr\u00e4set. Pelletspallarna fick ocks\u00e5 komma in. T\u00e4nk s\u00e5 sk\u00f6nt, nu slipper vi b\u00f6ket med frysta presenningar och att beh\u00f6va trycka in en helt pall pellets i pannrummet. N\u00e4r en pall var \u00f6ppnad var det tvunget att b\u00e4ra in alla s\u00e4ckar annars blev de f\u00f6rst\u00f6rda ute. Det tar tid och ork att b\u00e4ra in 52 x 16 kg p\u00e5 ett br\u00e4de&#8230;<\/p>\n<p style=\"text-align: center;\"><a href=\"https:\/\/haargaard.se\/wp-content\/uploads\/2013\/10\/IMG_41731.jpg\"><img loading=\"lazy\" class=\"alignnone size-medium wp-image-962\" alt=\"IMG_4173[1]\" src=\"https:\/\/haargaard.se\/wp-content\/uploads\/2013\/10\/IMG_41731-300x225.jpg\" width=\"300\" height=\"225\" srcset=\"https:\/\/haargaard.se\/wp-content\/uploads\/2013\/10\/IMG_41731-300x225.jpg 300w, https:\/\/haargaard.se\/wp-content\/uploads\/2013\/10\/IMG_41731-1024x768.jpg 1024w\" sizes=\"(max-width: 300px) 100vw, 300px\" \/><\/a> <a href=\"https:\/\/haargaard.se\/wp-content\/uploads\/2013\/10\/IMG_41771.jpg\"><img loading=\"lazy\" class=\"alignnone size-medium wp-image-963\" alt=\"IMG_4177[1]\" src=\"https:\/\/haargaard.se\/wp-content\/uploads\/2013\/10\/IMG_41771-300x225.jpg\" width=\"300\" height=\"225\" srcset=\"https:\/\/haargaard.se\/wp-content\/uploads\/2013\/10\/IMG_41771-300x225.jpg 300w, https:\/\/haargaard.se\/wp-content\/uploads\/2013\/10\/IMG_41771-1024x768.jpg 1024w\" sizes=\"(max-width: 300px) 100vw, 300px\" \/><\/a><\/p>\n<p style=\"text-align: center;\">H\u00e4sttransporten \u00e4r p\u00e5h\u00e4ngd bilen f\u00f6r att k\u00f6ra till bygghandeln och k\u00f6pa markisolering imorgon bitti och foder till taket till acktankrummet s\u00e5 att det kan bli f\u00e4rdigt ocks\u00e5. Ska f\u00f6rs\u00f6ka \u00e4gna fm \u00e5t lite fixande h\u00e4r hemma. Sen blir det en tripp till Sm\u00e5landsstenar p\u00e5 em.<\/p>\n<p style=\"text-align: center;\">\n<p style=\"text-align: center;\">Hundarna fick inte vara med ute n\u00e4r vi fixade. De hade fixat lite p\u00e5 egen hand n\u00e4r de st\u00e5tt och kikat ut genom f\u00f6nstret&#8230;<\/p>\n<p style=\"text-align: center;\"><a href=\"https:\/\/haargaard.se\/wp-content\/uploads\/2013\/10\/IMG_41801.jpg\"><img loading=\"lazy\" class=\"alignnone size-medium wp-image-964\" alt=\"IMG_4180[1]\" src=\"https:\/\/haargaard.se\/wp-content\/uploads\/2013\/10\/IMG_41801-300x225.jpg\" width=\"300\" height=\"225\" srcset=\"https:\/\/haargaard.se\/wp-content\/uploads\/2013\/10\/IMG_41801-300x225.jpg 300w, https:\/\/haargaard.se\/wp-content\/uploads\/2013\/10\/IMG_41801-1024x768.jpg 1024w\" sizes=\"(max-width: 300px) 100vw, 300px\" \/><\/a><\/p>\n<p style=\"text-align: center;\">Helt slut. Sitter h\u00e4r och somnar \u00f6ver tangenterna. Kanske skulle f\u00f6rs\u00f6ka komma i s\u00e4ng tidigt..?<\/p>\n","protected":false},"excerpt":{"rendered":"<p>Var sliten och d\u00e5lig s\u00e5 jag k\u00f6rde hem lite tidigare fr\u00e5n jobbet f\u00f6r att bara sv\u00e4nga f\u00f6rbi Apoteket f\u00f6r att k\u00f6pa avmaskning till h\u00e4starna och sen \u00e5ka raka sp\u00e5ret hem f\u00f6r att vila. N\u00e4r jag var n\u00e4stan framme i Tv\u00e5\u00e5ker &hellip; <a href=\"https:\/\/haargaard.se\/?p=954\">Continue reading <span class=\"meta-nav\">&rarr;<\/span><\/a><\/p>\n","protected":false},"author":1,"featured_media":0,"comment_status":"open","ping_status":"open","sticky":false,"template":"","format":"standard","meta":{"spay_email":"","jetpack_publicize_message":"","jetpack_is_tweetstorm":false,"jetpack_publicize_feature_enabled":true},"categories":[1],"tags":[676,339,359,673,370,685,337],"jetpack_featured_media_url":"","jetpack_publicize_connections":[],"jetpack_sharing_enabled":true,"jetpack_shortlink":"https:\/\/wp.me\/p41RA4-fo","_links":{"self":[{"href":"https:\/\/haargaard.se\/index.php?rest_route=\/wp\/v2\/posts\/954"}],"collection":[{"href":"https:\/\/haargaard.se\/index.php?rest_route=\/wp\/v2\/posts"}],"about":[{"href":"https:\/\/haargaard.se\/index.php?rest_route=\/wp\/v2\/types\/post"}],"author":[{"embeddable":true,"href":"https:\/\/haargaard.se\/index.php?rest_route=\/wp\/v2\/users\/1"}],"replies":[{"embeddable":true,"href":"https:\/\/haargaard.se\/index.php?rest_route=%2Fwp%2Fv2%2Fcomments&post=954"}],"version-history":[{"count":1,"href":"https:\/\/haargaard.se\/index.php?rest_route=\/wp\/v2\/posts\/954\/revisions"}],"predecessor-version":[{"id":966,"href":"https:\/\/haargaard.se\/index.php?rest_route=\/wp\/v2\/posts\/954\/revisions\/966"}],"wp:attachment":[{"href":"https:\/\/haargaard.se\/index.php?rest_route=%2Fwp%2Fv2%2Fmedia&parent=954"}],"wp:term":[{"taxonomy":"category","embeddable":true,"href":"https:\/\/haargaard.se\/index.php?rest_route=%2Fwp%2Fv2%2Fcategories&post=954"},{"taxonomy":"post_tag","embeddable":true,"href":"https:\/\/haargaard.se\/index.php?rest_route=%2Fwp%2Fv2%2Ftags&post=954"}],"curies":[{"name":"wp","href":"https:\/\/api.w.org\/{rel}","templated":true}]}}