{"id":9439,"date":"2016-12-26T16:54:35","date_gmt":"2016-12-26T14:54:35","guid":{"rendered":"http:\/\/haargaard.se\/?p=9439"},"modified":"2016-12-26T16:54:35","modified_gmt":"2016-12-26T14:54:35","slug":"i-vantan-pa-stormen-urd","status":"publish","type":"post","link":"https:\/\/haargaard.se\/?p=9439","title":{"rendered":"I v\u00e4ntan p\u00e5 stormen Urd"},"content":{"rendered":"<p style=\"text-align: center;\">Solen st\u00e5r inte h\u00f6gt p\u00e5 himlen kl 10 p\u00e5 f\u00f6rmiddagen s\u00e5 h\u00e4r p\u00e5 annandag jul. Sk\u00f6nt att vi i alla fall \u00e4r p\u00e5 v\u00e4g mot ljusare tider.<\/p>\n<p style=\"text-align: center;\">H\u00e4starna st\u00e5r med \u00e4ndan mot vinden. <a href=\"http:\/\/www.svt.se\/nyheter\/lokalt\/vast\/stormen-urd-orsakar-problem\" target=\"_blank\">I v\u00e4ntan p\u00e5 stormen Urd<\/a>.<\/p>\n<p style=\"text-align: center;\">Efter stormen Gudrun drog f\u00f6rbi \u00e4r jag helt nojjig n\u00e4r det v\u00e4ntas storm.<\/p>\n<p style=\"text-align: center;\"><a href=\"https:\/\/haargaard.se\/wp-content\/uploads\/2016\/12\/IMG_40761.jpg\"><img loading=\"lazy\" class=\"alignnone size-medium wp-image-9441\" src=\"https:\/\/haargaard.se\/wp-content\/uploads\/2016\/12\/IMG_40761-300x225.jpg\" alt=\"img_40761\" width=\"300\" height=\"225\" srcset=\"https:\/\/haargaard.se\/wp-content\/uploads\/2016\/12\/IMG_40761-300x225.jpg 300w, https:\/\/haargaard.se\/wp-content\/uploads\/2016\/12\/IMG_40761-768x576.jpg 768w, https:\/\/haargaard.se\/wp-content\/uploads\/2016\/12\/IMG_40761-1024x768.jpg 1024w\" sizes=\"(max-width: 300px) 100vw, 300px\" \/> <\/a><a href=\"https:\/\/haargaard.se\/wp-content\/uploads\/2016\/12\/IMG_40721.jpg\"><img loading=\"lazy\" class=\"alignnone size-medium wp-image-9440\" src=\"https:\/\/haargaard.se\/wp-content\/uploads\/2016\/12\/IMG_40721-300x225.jpg\" alt=\"img_40721\" width=\"300\" height=\"225\" srcset=\"https:\/\/haargaard.se\/wp-content\/uploads\/2016\/12\/IMG_40721-300x225.jpg 300w, https:\/\/haargaard.se\/wp-content\/uploads\/2016\/12\/IMG_40721-768x576.jpg 768w, https:\/\/haargaard.se\/wp-content\/uploads\/2016\/12\/IMG_40721-1024x768.jpg 1024w\" sizes=\"(max-width: 300px) 100vw, 300px\" \/><\/a><\/p>\n","protected":false},"excerpt":{"rendered":"<p>Solen st\u00e5r inte h\u00f6gt p\u00e5 himlen kl 10 p\u00e5 f\u00f6rmiddagen s\u00e5 h\u00e4r p\u00e5 annandag jul. Sk\u00f6nt att vi i alla fall \u00e4r p\u00e5 v\u00e4g mot ljusare tider. H\u00e4starna st\u00e5r med \u00e4ndan mot vinden. I v\u00e4ntan p\u00e5 stormen Urd. Efter stormen &hellip; <a href=\"https:\/\/haargaard.se\/?p=9439\">Continue reading <span class=\"meta-nav\">&rarr;<\/span><\/a><\/p>\n","protected":false},"author":1,"featured_media":0,"comment_status":"open","ping_status":"open","sticky":false,"template":"","format":"standard","meta":{"spay_email":"","jetpack_publicize_message":"","jetpack_is_tweetstorm":false,"jetpack_publicize_feature_enabled":true},"categories":[1],"tags":[416],"jetpack_featured_media_url":"","jetpack_publicize_connections":[],"jetpack_sharing_enabled":true,"jetpack_shortlink":"https:\/\/wp.me\/p41RA4-2sf","_links":{"self":[{"href":"https:\/\/haargaard.se\/index.php?rest_route=\/wp\/v2\/posts\/9439"}],"collection":[{"href":"https:\/\/haargaard.se\/index.php?rest_route=\/wp\/v2\/posts"}],"about":[{"href":"https:\/\/haargaard.se\/index.php?rest_route=\/wp\/v2\/types\/post"}],"author":[{"embeddable":true,"href":"https:\/\/haargaard.se\/index.php?rest_route=\/wp\/v2\/users\/1"}],"replies":[{"embeddable":true,"href":"https:\/\/haargaard.se\/index.php?rest_route=%2Fwp%2Fv2%2Fcomments&post=9439"}],"version-history":[{"count":1,"href":"https:\/\/haargaard.se\/index.php?rest_route=\/wp\/v2\/posts\/9439\/revisions"}],"predecessor-version":[{"id":9442,"href":"https:\/\/haargaard.se\/index.php?rest_route=\/wp\/v2\/posts\/9439\/revisions\/9442"}],"wp:attachment":[{"href":"https:\/\/haargaard.se\/index.php?rest_route=%2Fwp%2Fv2%2Fmedia&parent=9439"}],"wp:term":[{"taxonomy":"category","embeddable":true,"href":"https:\/\/haargaard.se\/index.php?rest_route=%2Fwp%2Fv2%2Fcategories&post=9439"},{"taxonomy":"post_tag","embeddable":true,"href":"https:\/\/haargaard.se\/index.php?rest_route=%2Fwp%2Fv2%2Ftags&post=9439"}],"curies":[{"name":"wp","href":"https:\/\/api.w.org\/{rel}","templated":true}]}}