{"id":9198,"date":"2016-11-15T00:23:47","date_gmt":"2016-11-14T22:23:47","guid":{"rendered":"http:\/\/haargaard.se\/?p=9198"},"modified":"2016-11-15T00:23:47","modified_gmt":"2016-11-14T22:23:47","slug":"maja-skotte-sig-finfint-under-helgens-traning","status":"publish","type":"post","link":"https:\/\/haargaard.se\/?p=9198","title":{"rendered":"Maja sk\u00f6tte sig finfint under helgens tr\u00e4ning"},"content":{"rendered":"<p style=\"text-align: center;\">Maja fick sig en liten dos tr\u00e4ning b\u00e5de l\u00f6rdag och s\u00f6ndag. I l\u00f6rdags var det t\u00e5lamodspr\u00f6vande att f\u00e5nga henne i hagen. Det hade hon sannerligen inte n\u00e5gon lust till. Men skam den som ger sig och till slut s\u00e5 hade hon grimman p\u00e5. Vi gick bara en kort promenad ner\u00e5t grannen och hon fick stanna och \u00e4ta lite gott gr\u00f6nt gr\u00e4s. Det tyckte hon tydligen var trevligt f\u00f6r i s\u00f6ndags tyckte hon att det var helt ok att bli f\u00e5ngad i hagen utan n\u00e5gra egentliga protester. Det \u00e4r mycket h\u00e4st i en stor kropp, Maja. S\u00e5 fin men verkligen n\u00e5got att bita i. Vi sprang en bit hem\u00e5t och oj s\u00e5 hon bl\u00e5ste upp sig, frustade och pustade med h\u00f6ga benlyft och h\u00f6g svansf\u00f6ring. Men hon sk\u00f6tte sig finfint!<\/p>\n<p style=\"text-align: center;\"><a href=\"https:\/\/haargaard.se\/wp-content\/uploads\/2016\/11\/IMG_34461.jpg\"><img loading=\"lazy\" class=\"alignnone size-medium wp-image-9199\" src=\"https:\/\/haargaard.se\/wp-content\/uploads\/2016\/11\/IMG_34461-300x225.jpg\" alt=\"img_34461\" width=\"300\" height=\"225\" srcset=\"https:\/\/haargaard.se\/wp-content\/uploads\/2016\/11\/IMG_34461-300x225.jpg 300w, https:\/\/haargaard.se\/wp-content\/uploads\/2016\/11\/IMG_34461-768x576.jpg 768w, https:\/\/haargaard.se\/wp-content\/uploads\/2016\/11\/IMG_34461-1024x768.jpg 1024w\" sizes=\"(max-width: 300px) 100vw, 300px\" \/><\/a><\/p>\n","protected":false},"excerpt":{"rendered":"<p>Maja fick sig en liten dos tr\u00e4ning b\u00e5de l\u00f6rdag och s\u00f6ndag. I l\u00f6rdags var det t\u00e5lamodspr\u00f6vande att f\u00e5nga henne i hagen. Det hade hon sannerligen inte n\u00e5gon lust till. Men skam den som ger sig och till slut s\u00e5 hade &hellip; <a href=\"https:\/\/haargaard.se\/?p=9198\">Continue reading <span class=\"meta-nav\">&rarr;<\/span><\/a><\/p>\n","protected":false},"author":1,"featured_media":0,"comment_status":"open","ping_status":"open","sticky":false,"template":"","format":"standard","meta":{"spay_email":"","jetpack_publicize_message":"","jetpack_is_tweetstorm":false,"jetpack_publicize_feature_enabled":true},"categories":[625],"tags":[704],"jetpack_featured_media_url":"","jetpack_publicize_connections":[],"jetpack_sharing_enabled":true,"jetpack_shortlink":"https:\/\/wp.me\/p41RA4-2om","_links":{"self":[{"href":"https:\/\/haargaard.se\/index.php?rest_route=\/wp\/v2\/posts\/9198"}],"collection":[{"href":"https:\/\/haargaard.se\/index.php?rest_route=\/wp\/v2\/posts"}],"about":[{"href":"https:\/\/haargaard.se\/index.php?rest_route=\/wp\/v2\/types\/post"}],"author":[{"embeddable":true,"href":"https:\/\/haargaard.se\/index.php?rest_route=\/wp\/v2\/users\/1"}],"replies":[{"embeddable":true,"href":"https:\/\/haargaard.se\/index.php?rest_route=%2Fwp%2Fv2%2Fcomments&post=9198"}],"version-history":[{"count":1,"href":"https:\/\/haargaard.se\/index.php?rest_route=\/wp\/v2\/posts\/9198\/revisions"}],"predecessor-version":[{"id":9200,"href":"https:\/\/haargaard.se\/index.php?rest_route=\/wp\/v2\/posts\/9198\/revisions\/9200"}],"wp:attachment":[{"href":"https:\/\/haargaard.se\/index.php?rest_route=%2Fwp%2Fv2%2Fmedia&parent=9198"}],"wp:term":[{"taxonomy":"category","embeddable":true,"href":"https:\/\/haargaard.se\/index.php?rest_route=%2Fwp%2Fv2%2Fcategories&post=9198"},{"taxonomy":"post_tag","embeddable":true,"href":"https:\/\/haargaard.se\/index.php?rest_route=%2Fwp%2Fv2%2Ftags&post=9198"}],"curies":[{"name":"wp","href":"https:\/\/api.w.org\/{rel}","templated":true}]}}