{"id":91,"date":"2013-06-16T22:16:00","date_gmt":"2013-06-16T20:16:00","guid":{"rendered":"http:\/\/haargaard.se\/?p=91"},"modified":"2013-06-16T22:16:00","modified_gmt":"2013-06-16T20:16:00","slug":"arets-forsta-egna-jordgubbar","status":"publish","type":"post","link":"https:\/\/haargaard.se\/?p=91","title":{"rendered":"\u00c5rets f\u00f6rsta egna jordgubbar!"},"content":{"rendered":"<div>Snorpan i sommarp\u00e4ls \u00e4r en hel annan katt \u00e4n den svarta bollen p\u00e5 vintern.<\/div>\n<div><\/div>\n<div><a href=\"http:\/\/3.bp.blogspot.com\/-jZcQdKRTPDk\/Ub4aYC90A5I\/AAAAAAAAm1I\/82VmQ_zjjpo\/s1600\/IMG_1218%5B1%5D.JPG\" imageanchor=\"1\"><img loading=\"lazy\" border=\"0\" height=\"240\" src=\"http:\/\/3.bp.blogspot.com\/-jZcQdKRTPDk\/Ub4aYC90A5I\/AAAAAAAAm1I\/82VmQ_zjjpo\/s320\/IMG_1218%5B1%5D.JPG\" width=\"320\"><\/a><\/div>\n<div><\/div>\n<div>Kolla, idag var det dags att plocka de f\u00f6rsta mogna jordgubbarna!<\/div>\n<p><\/p>\n<div><a href=\"http:\/\/4.bp.blogspot.com\/-bxceNexyVXo\/Ub4adGWf9TI\/AAAAAAAAm1Q\/PvZCL3ov9gk\/s1600\/IMG_1220%5B1%5D.JPG\" imageanchor=\"1\"><img loading=\"lazy\" border=\"0\" height=\"240\" src=\"http:\/\/4.bp.blogspot.com\/-bxceNexyVXo\/Ub4adGWf9TI\/AAAAAAAAm1Q\/PvZCL3ov9gk\/s320\/IMG_1220%5B1%5D.JPG\" width=\"320\"><\/a><\/div>\n<div><\/div>\n<div>Jordgubbslandet som varit l\u00e4mnat vind f\u00f6r v\u00e5g beh\u00f6ver verkligen lite k\u00e4rlek och omtanke. F\u00e5r se n\u00e4r det finns n\u00e5gon ork och tid \u00f6ver f\u00f6r det. Ambitionen har varit att ut\u00f6ka det med ett par rader om \u00e5ret. F\u00e5r se hur det g\u00e5r med den saken&#8230;<\/div>\n<p><\/p>\n<div><a href=\"http:\/\/2.bp.blogspot.com\/-iTUj28Wn1n0\/Ub4anakgzOI\/AAAAAAAAm1c\/uk8VxkqVD2c\/s1600\/IMG_1221%5B1%5D.JPG\" imageanchor=\"1\"><img loading=\"lazy\" border=\"0\" height=\"240\" src=\"http:\/\/2.bp.blogspot.com\/-iTUj28Wn1n0\/Ub4anakgzOI\/AAAAAAAAm1c\/uk8VxkqVD2c\/s320\/IMG_1221%5B1%5D.JPG\" width=\"320\"><\/a><\/div>\n<div><\/div>\n<div>N\u00e5gra gubbar blev det att dela p\u00e5 men inte fler \u00e4n att de fick slukas med andakt&#8230; Jordgubbsveckorna \u00e4r nog n\u00e4stan de b\u00e4sta p\u00e5 hela \u00e5ret!<\/div>\n<p><\/p>\n<div><a href=\"http:\/\/2.bp.blogspot.com\/-kWihpXz99r8\/Ub4am8Mg8zI\/AAAAAAAAm1Y\/LEpbIBRdlt4\/s1600\/IMG_1222%5B1%5D.JPG\" imageanchor=\"1\"><img loading=\"lazy\" border=\"0\" height=\"240\" src=\"http:\/\/2.bp.blogspot.com\/-kWihpXz99r8\/Ub4am8Mg8zI\/AAAAAAAAm1Y\/LEpbIBRdlt4\/s320\/IMG_1222%5B1%5D.JPG\" width=\"320\"><\/a><\/div>\n<div><\/div>\n<div>Somliga, typ Ubbe Snubbe, bara vr\u00e4ker sig.<\/div>\n<p><\/p>\n<div><a href=\"http:\/\/2.bp.blogspot.com\/-d4tQ-ZztGRk\/Ub4axsI9OTI\/AAAAAAAAm1o\/mK9Dpj_1-IQ\/s1600\/IMG_1224%5B1%5D.JPG\" imageanchor=\"1\"><img loading=\"lazy\" border=\"0\" height=\"320\" src=\"http:\/\/2.bp.blogspot.com\/-d4tQ-ZztGRk\/Ub4axsI9OTI\/AAAAAAAAm1o\/mK9Dpj_1-IQ\/s320\/IMG_1224%5B1%5D.JPG\" width=\"240\"><\/a><\/div>\n<div><\/div>\n<div>Jag upph\u00f6r inte att f\u00f6rv\u00e5nas \u00f6ver valen Hugo g\u00f6r n\u00e4r han ska stj\u00e4la n\u00e5got som verkar gott att tugga s\u00f6nder. Idag var det en inplastad extraknopp till en utelampa&#8230; i metall&#8230; jag menar, hur gott kan det vara p\u00e5 en skala..?<\/div>\n<p><\/p>\n<div><a href=\"http:\/\/2.bp.blogspot.com\/-OJNfcbgDSlc\/Ub4a3KnE2ZI\/AAAAAAAAm1w\/4lBKEqPaYms\/s1600\/IMG_1228%5B1%5D.JPG\" imageanchor=\"1\"><img loading=\"lazy\" border=\"0\" height=\"240\" src=\"http:\/\/2.bp.blogspot.com\/-OJNfcbgDSlc\/Ub4a3KnE2ZI\/AAAAAAAAm1w\/4lBKEqPaYms\/s320\/IMG_1228%5B1%5D.JPG\" width=\"320\"><\/a><\/div>\n<p><\/p>\n<div>Den elaka sommarf\u00f6rkylningen \u00e4r b\u00e4ttre idag, febern har h\u00e5llit sig borta, men l\u00e5ngt ifr\u00e5n bra. Hoppas att nattens s\u00f6mn g\u00f6r underverk f\u00f6r imorgon b\u00e4r det av till Blekinge.<\/div>\n<p><\/p>\n","protected":false},"excerpt":{"rendered":"<p>Snorpan i sommarp\u00e4ls \u00e4r en hel annan katt \u00e4n den svarta bollen p\u00e5 vintern. Kolla, idag var det dags att plocka de f\u00f6rsta mogna jordgubbarna! Jordgubbslandet som varit l\u00e4mnat vind f\u00f6r v\u00e5g beh\u00f6ver verkligen lite k\u00e4rlek och omtanke. F\u00e5r se &hellip; <a href=\"https:\/\/haargaard.se\/?p=91\">Continue reading <span class=\"meta-nav\">&rarr;<\/span><\/a><\/p>\n","protected":false},"author":1,"featured_media":0,"comment_status":"open","ping_status":"open","sticky":false,"template":"","format":"standard","meta":{"spay_email":"","jetpack_publicize_message":"","jetpack_is_tweetstorm":false,"jetpack_publicize_feature_enabled":true},"categories":[20,10,12],"tags":[],"jetpack_featured_media_url":"","jetpack_publicize_connections":[],"jetpack_sharing_enabled":true,"jetpack_shortlink":"https:\/\/wp.me\/p41RA4-1t","_links":{"self":[{"href":"https:\/\/haargaard.se\/index.php?rest_route=\/wp\/v2\/posts\/91"}],"collection":[{"href":"https:\/\/haargaard.se\/index.php?rest_route=\/wp\/v2\/posts"}],"about":[{"href":"https:\/\/haargaard.se\/index.php?rest_route=\/wp\/v2\/types\/post"}],"author":[{"embeddable":true,"href":"https:\/\/haargaard.se\/index.php?rest_route=\/wp\/v2\/users\/1"}],"replies":[{"embeddable":true,"href":"https:\/\/haargaard.se\/index.php?rest_route=%2Fwp%2Fv2%2Fcomments&post=91"}],"version-history":[{"count":0,"href":"https:\/\/haargaard.se\/index.php?rest_route=\/wp\/v2\/posts\/91\/revisions"}],"wp:attachment":[{"href":"https:\/\/haargaard.se\/index.php?rest_route=%2Fwp%2Fv2%2Fmedia&parent=91"}],"wp:term":[{"taxonomy":"category","embeddable":true,"href":"https:\/\/haargaard.se\/index.php?rest_route=%2Fwp%2Fv2%2Fcategories&post=91"},{"taxonomy":"post_tag","embeddable":true,"href":"https:\/\/haargaard.se\/index.php?rest_route=%2Fwp%2Fv2%2Ftags&post=91"}],"curies":[{"name":"wp","href":"https:\/\/api.w.org\/{rel}","templated":true}]}}