{"id":8950,"date":"2016-10-04T21:51:34","date_gmt":"2016-10-04T19:51:34","guid":{"rendered":"http:\/\/haargaard.se\/?p=8950"},"modified":"2016-10-04T21:51:34","modified_gmt":"2016-10-04T19:51:34","slug":"pelletsforradet-pafyllt-och-varmt-i-huset","status":"publish","type":"post","link":"https:\/\/haargaard.se\/?p=8950","title":{"rendered":"Pelletsf\u00f6rr\u00e5det p\u00e5fyllt och varmt i huset"},"content":{"rendered":"<p style=\"text-align: center;\">Fick hastigt och lustigt planera om hela eftermiddagen eftersom det tydligen blev pelletsleverans v\u00e4ldigt oplanerat redan idag. Tomma utrymmen har en tendens att inte f\u00f6rbli tomma speciellt l\u00e4nge. Inte i Rucklet i alla fall. D\u00e4r pelletspallarna brukar f\u00f6rvaras i ladan var nu helt belamrat med br\u00e5te, m\u00f6bler och annat. Stressade hem och kastade mig ut f\u00f6r att t\u00f6mma och g\u00f6ra plats f\u00f6r nya pelletspallar. Lyckades faktiskt med uppgiften. Hann till och med sota pannan som aldrig blev gjort sedan den st\u00e4ngdes av i maj. Nu \u00e4r pannan ig\u00e5ng, det \u00e4r varmt i huset och pelletsf\u00f6rr\u00e5det fyllt.<\/p>\n<p style=\"text-align: center;\"><a href=\"https:\/\/haargaard.se\/wp-content\/uploads\/2016\/10\/IMG_27291.jpg\"><img loading=\"lazy\" class=\"alignnone size-medium wp-image-8951\" src=\"https:\/\/haargaard.se\/wp-content\/uploads\/2016\/10\/IMG_27291-300x225.jpg\" alt=\"img_27291\" width=\"300\" height=\"225\" srcset=\"https:\/\/haargaard.se\/wp-content\/uploads\/2016\/10\/IMG_27291-300x225.jpg 300w, https:\/\/haargaard.se\/wp-content\/uploads\/2016\/10\/IMG_27291-768x576.jpg 768w, https:\/\/haargaard.se\/wp-content\/uploads\/2016\/10\/IMG_27291-1024x768.jpg 1024w\" sizes=\"(max-width: 300px) 100vw, 300px\" \/><\/a> <a href=\"https:\/\/haargaard.se\/wp-content\/uploads\/2016\/10\/IMG_27271.jpg\"><img loading=\"lazy\" class=\"alignnone size-medium wp-image-8952\" src=\"https:\/\/haargaard.se\/wp-content\/uploads\/2016\/10\/IMG_27271-300x225.jpg\" alt=\"img_27271\" width=\"300\" height=\"225\" srcset=\"https:\/\/haargaard.se\/wp-content\/uploads\/2016\/10\/IMG_27271-300x225.jpg 300w, https:\/\/haargaard.se\/wp-content\/uploads\/2016\/10\/IMG_27271-768x576.jpg 768w, https:\/\/haargaard.se\/wp-content\/uploads\/2016\/10\/IMG_27271-1024x768.jpg 1024w\" sizes=\"(max-width: 300px) 100vw, 300px\" \/><\/a><\/p>\n","protected":false},"excerpt":{"rendered":"<p>Fick hastigt och lustigt planera om hela eftermiddagen eftersom det tydligen blev pelletsleverans v\u00e4ldigt oplanerat redan idag. Tomma utrymmen har en tendens att inte f\u00f6rbli tomma speciellt l\u00e4nge. Inte i Rucklet i alla fall. D\u00e4r pelletspallarna brukar f\u00f6rvaras i ladan &hellip; <a href=\"https:\/\/haargaard.se\/?p=8950\">Continue reading <span class=\"meta-nav\">&rarr;<\/span><\/a><\/p>\n","protected":false},"author":1,"featured_media":0,"comment_status":"open","ping_status":"open","sticky":false,"template":"","format":"standard","meta":{"spay_email":"","jetpack_publicize_message":"","jetpack_is_tweetstorm":false,"jetpack_publicize_feature_enabled":true},"categories":[1],"tags":[],"jetpack_featured_media_url":"","jetpack_publicize_connections":[],"jetpack_sharing_enabled":true,"jetpack_shortlink":"https:\/\/wp.me\/p41RA4-2km","_links":{"self":[{"href":"https:\/\/haargaard.se\/index.php?rest_route=\/wp\/v2\/posts\/8950"}],"collection":[{"href":"https:\/\/haargaard.se\/index.php?rest_route=\/wp\/v2\/posts"}],"about":[{"href":"https:\/\/haargaard.se\/index.php?rest_route=\/wp\/v2\/types\/post"}],"author":[{"embeddable":true,"href":"https:\/\/haargaard.se\/index.php?rest_route=\/wp\/v2\/users\/1"}],"replies":[{"embeddable":true,"href":"https:\/\/haargaard.se\/index.php?rest_route=%2Fwp%2Fv2%2Fcomments&post=8950"}],"version-history":[{"count":1,"href":"https:\/\/haargaard.se\/index.php?rest_route=\/wp\/v2\/posts\/8950\/revisions"}],"predecessor-version":[{"id":8953,"href":"https:\/\/haargaard.se\/index.php?rest_route=\/wp\/v2\/posts\/8950\/revisions\/8953"}],"wp:attachment":[{"href":"https:\/\/haargaard.se\/index.php?rest_route=%2Fwp%2Fv2%2Fmedia&parent=8950"}],"wp:term":[{"taxonomy":"category","embeddable":true,"href":"https:\/\/haargaard.se\/index.php?rest_route=%2Fwp%2Fv2%2Fcategories&post=8950"},{"taxonomy":"post_tag","embeddable":true,"href":"https:\/\/haargaard.se\/index.php?rest_route=%2Fwp%2Fv2%2Ftags&post=8950"}],"curies":[{"name":"wp","href":"https:\/\/api.w.org\/{rel}","templated":true}]}}