{"id":8777,"date":"2016-09-01T18:28:50","date_gmt":"2016-09-01T16:28:50","guid":{"rendered":"http:\/\/haargaard.se\/?p=8777"},"modified":"2016-09-01T18:28:50","modified_gmt":"2016-09-01T16:28:50","slug":"maja-i-rabatten","status":"publish","type":"post","link":"https:\/\/haargaard.se\/?p=8777","title":{"rendered":"Maja i rabatten"},"content":{"rendered":"<p style=\"text-align: center;\">I v\u00e4ntan p\u00e5 ny h\u00f6silagebal sl\u00e4pptes de sju levande gr\u00e4sklipparna loss p\u00e5 g\u00e5rdsplanen ig\u00e5r kv\u00e4ll. N\u00e4r h\u00f6silaget v\u00e4l var p\u00e5 plats tyckte matten att de skulle ut i hagen igen men det tyckte inte gr\u00e4sklipparna. De fick vara kvar n\u00e5gra timmar till och sen tyckte de v\u00e4l att det var r\u00e4tt ok att springa ut i hagen igen. Idag fick de komma in p\u00e5 g\u00e5rdsplanen en stund igen f\u00f6r att klippa gr\u00e4set ett tag till. Maja hon tog sig an den igenvuxna rabatten.<\/p>\n<p style=\"text-align: center;\">Majas s\u00e5r l\u00e4ker f\u00f6r \u00f6vrigt hyfsat. \u00c5terst\u00e5r att se hur det ska g\u00e5 n\u00e4r stygnen ska v\u00e4ck eftersom jag inte ens f\u00e5r komma i n\u00e4rheten av hennes bak..? Men det ser inte ut som att det \u00e4r dags att ta stygnen riktigt \u00e4n s\u00e5 det problemet skjuts gladeligen p\u00e5 framtiden&#8230;<\/p>\n<p style=\"text-align: center;\">\u00a0<a href=\"https:\/\/haargaard.se\/wp-content\/uploads\/2016\/09\/IMG_22921.jpg\"><img loading=\"lazy\" class=\"alignnone size-medium wp-image-8781\" src=\"https:\/\/haargaard.se\/wp-content\/uploads\/2016\/09\/IMG_22921-300x225.jpg\" alt=\"IMG_2292[1]\" width=\"300\" height=\"225\" srcset=\"https:\/\/haargaard.se\/wp-content\/uploads\/2016\/09\/IMG_22921-300x225.jpg 300w, https:\/\/haargaard.se\/wp-content\/uploads\/2016\/09\/IMG_22921-768x576.jpg 768w, https:\/\/haargaard.se\/wp-content\/uploads\/2016\/09\/IMG_22921-1024x768.jpg 1024w\" sizes=\"(max-width: 300px) 100vw, 300px\" \/><\/a> <a href=\"https:\/\/haargaard.se\/wp-content\/uploads\/2016\/09\/IMG_22951.jpg\"><img loading=\"lazy\" class=\"alignnone size-medium wp-image-8782\" src=\"https:\/\/haargaard.se\/wp-content\/uploads\/2016\/09\/IMG_22951-300x225.jpg\" alt=\"IMG_2295[1]\" width=\"300\" height=\"225\" srcset=\"https:\/\/haargaard.se\/wp-content\/uploads\/2016\/09\/IMG_22951-300x225.jpg 300w, https:\/\/haargaard.se\/wp-content\/uploads\/2016\/09\/IMG_22951-768x576.jpg 768w, https:\/\/haargaard.se\/wp-content\/uploads\/2016\/09\/IMG_22951-1024x768.jpg 1024w\" sizes=\"(max-width: 300px) 100vw, 300px\" \/><\/a><a href=\"https:\/\/haargaard.se\/wp-content\/uploads\/2016\/09\/IMG_23061.jpg\"><img loading=\"lazy\" class=\"alignnone size-medium wp-image-8779\" src=\"https:\/\/haargaard.se\/wp-content\/uploads\/2016\/09\/IMG_23061-300x225.jpg\" alt=\"IMG_2306[1]\" width=\"300\" height=\"225\" srcset=\"https:\/\/haargaard.se\/wp-content\/uploads\/2016\/09\/IMG_23061-300x225.jpg 300w, https:\/\/haargaard.se\/wp-content\/uploads\/2016\/09\/IMG_23061-768x576.jpg 768w, https:\/\/haargaard.se\/wp-content\/uploads\/2016\/09\/IMG_23061-1024x768.jpg 1024w\" sizes=\"(max-width: 300px) 100vw, 300px\" \/><\/a><\/p>\n<p style=\"text-align: center;\"><a href=\"https:\/\/haargaard.se\/wp-content\/uploads\/2016\/09\/IMG_23081.jpg\"><img loading=\"lazy\" class=\"alignnone size-medium wp-image-8778\" src=\"https:\/\/haargaard.se\/wp-content\/uploads\/2016\/09\/IMG_23081-300x225.jpg\" alt=\"IMG_2308[1]\" width=\"300\" height=\"225\" srcset=\"https:\/\/haargaard.se\/wp-content\/uploads\/2016\/09\/IMG_23081-300x225.jpg 300w, https:\/\/haargaard.se\/wp-content\/uploads\/2016\/09\/IMG_23081-768x576.jpg 768w, https:\/\/haargaard.se\/wp-content\/uploads\/2016\/09\/IMG_23081-1024x768.jpg 1024w\" sizes=\"(max-width: 300px) 100vw, 300px\" \/><\/a><\/p>\n","protected":false},"excerpt":{"rendered":"<p>I v\u00e4ntan p\u00e5 ny h\u00f6silagebal sl\u00e4pptes de sju levande gr\u00e4sklipparna loss p\u00e5 g\u00e5rdsplanen ig\u00e5r kv\u00e4ll. N\u00e4r h\u00f6silaget v\u00e4l var p\u00e5 plats tyckte matten att de skulle ut i hagen igen men det tyckte inte gr\u00e4sklipparna. De fick vara kvar n\u00e5gra &hellip; <a href=\"https:\/\/haargaard.se\/?p=8777\">Continue reading <span class=\"meta-nav\">&rarr;<\/span><\/a><\/p>\n","protected":false},"author":1,"featured_media":0,"comment_status":"open","ping_status":"open","sticky":false,"template":"","format":"standard","meta":{"spay_email":"","jetpack_publicize_message":"","jetpack_is_tweetstorm":false,"jetpack_publicize_feature_enabled":true},"categories":[11,625],"tags":[674,704,425],"jetpack_featured_media_url":"","jetpack_publicize_connections":[],"jetpack_sharing_enabled":true,"jetpack_shortlink":"https:\/\/wp.me\/p41RA4-2hz","_links":{"self":[{"href":"https:\/\/haargaard.se\/index.php?rest_route=\/wp\/v2\/posts\/8777"}],"collection":[{"href":"https:\/\/haargaard.se\/index.php?rest_route=\/wp\/v2\/posts"}],"about":[{"href":"https:\/\/haargaard.se\/index.php?rest_route=\/wp\/v2\/types\/post"}],"author":[{"embeddable":true,"href":"https:\/\/haargaard.se\/index.php?rest_route=\/wp\/v2\/users\/1"}],"replies":[{"embeddable":true,"href":"https:\/\/haargaard.se\/index.php?rest_route=%2Fwp%2Fv2%2Fcomments&post=8777"}],"version-history":[{"count":1,"href":"https:\/\/haargaard.se\/index.php?rest_route=\/wp\/v2\/posts\/8777\/revisions"}],"predecessor-version":[{"id":8783,"href":"https:\/\/haargaard.se\/index.php?rest_route=\/wp\/v2\/posts\/8777\/revisions\/8783"}],"wp:attachment":[{"href":"https:\/\/haargaard.se\/index.php?rest_route=%2Fwp%2Fv2%2Fmedia&parent=8777"}],"wp:term":[{"taxonomy":"category","embeddable":true,"href":"https:\/\/haargaard.se\/index.php?rest_route=%2Fwp%2Fv2%2Fcategories&post=8777"},{"taxonomy":"post_tag","embeddable":true,"href":"https:\/\/haargaard.se\/index.php?rest_route=%2Fwp%2Fv2%2Ftags&post=8777"}],"curies":[{"name":"wp","href":"https:\/\/api.w.org\/{rel}","templated":true}]}}