{"id":8774,"date":"2016-09-01T18:05:00","date_gmt":"2016-09-01T16:05:00","guid":{"rendered":"http:\/\/haargaard.se\/?p=8774"},"modified":"2016-09-01T18:05:00","modified_gmt":"2016-09-01T16:05:00","slug":"stadning-mellan-soffpauserna","status":"publish","type":"post","link":"https:\/\/haargaard.se\/?p=8774","title":{"rendered":"St\u00e4dning mellan soffpauserna"},"content":{"rendered":"<p style=\"text-align: center;\">\u00c4ntligen har det v\u00e4nt! Efter att ha varit riktigt d\u00e5lig sen i s\u00f6ndags natt, k\u00e4mpat f\u00f6r att h\u00e5lla mig uppr\u00e4tt m\u00e5ndag och tisdag p\u00e5 jobbet och sen legat mer eller mindre helt utslagen i soffan sen i tisdags eftermiddag b\u00f6rjar jag k\u00e4nna mig som en m\u00e4nniska igen. Ett l\u00e4karbes\u00f6k p\u00e5 f\u00f6rmiddagen konstaterade infektion och f\u00f6rmodligen lite hj\u00e4rntr\u00f6tthet efter <a href=\"https:\/\/haargaard.se\/?p=8646\" target=\"_blank\">jag \u00e5kte av Mel\u00f2dia f\u00f6r n\u00e5gra veckor sedan<\/a>. Allts\u00e5 fortsatt vila och att b\u00f6rja lugnt med aktivitet.<\/p>\n<p style=\"text-align: center;\">Det f\u00f6rsta jag ger mig p\u00e5 n\u00e4r livet n\u00e5got s\u00e5n\u00e4r \u00e5terv\u00e4nt \u00e4r att st\u00e4da mellan vilostunderna p\u00e5 soffan. Inte f\u00f6r att det \u00e4r n\u00e5gon direkt tacksam uppgift i Rucklet. Golvet hinner inte ens torka innan hundar och katter g\u00f6r sitt b\u00e4sta f\u00f6r att \u00e5terst\u00e4lla kaoset igen&#8230;<\/p>\n<p style=\"text-align: center;\"><a href=\"https:\/\/haargaard.se\/wp-content\/uploads\/2016\/09\/IMG_23101.jpg\"><img loading=\"lazy\" class=\"alignnone size-medium wp-image-8775\" src=\"https:\/\/haargaard.se\/wp-content\/uploads\/2016\/09\/IMG_23101-300x225.jpg\" alt=\"IMG_2310[1]\" width=\"300\" height=\"225\" srcset=\"https:\/\/haargaard.se\/wp-content\/uploads\/2016\/09\/IMG_23101-300x225.jpg 300w, https:\/\/haargaard.se\/wp-content\/uploads\/2016\/09\/IMG_23101-768x576.jpg 768w, https:\/\/haargaard.se\/wp-content\/uploads\/2016\/09\/IMG_23101-1024x768.jpg 1024w\" sizes=\"(max-width: 300px) 100vw, 300px\" \/><\/a><\/p>\n","protected":false},"excerpt":{"rendered":"<p>\u00c4ntligen har det v\u00e4nt! Efter att ha varit riktigt d\u00e5lig sen i s\u00f6ndags natt, k\u00e4mpat f\u00f6r att h\u00e5lla mig uppr\u00e4tt m\u00e5ndag och tisdag p\u00e5 jobbet och sen legat mer eller mindre helt utslagen i soffan sen i tisdags eftermiddag b\u00f6rjar &hellip; <a href=\"https:\/\/haargaard.se\/?p=8774\">Continue reading <span class=\"meta-nav\">&rarr;<\/span><\/a><\/p>\n","protected":false},"author":1,"featured_media":0,"comment_status":"open","ping_status":"open","sticky":false,"template":"","format":"standard","meta":{"spay_email":"","jetpack_publicize_message":"","jetpack_is_tweetstorm":false,"jetpack_publicize_feature_enabled":true},"categories":[1],"tags":[],"jetpack_featured_media_url":"","jetpack_publicize_connections":[],"jetpack_sharing_enabled":true,"jetpack_shortlink":"https:\/\/wp.me\/p41RA4-2hw","_links":{"self":[{"href":"https:\/\/haargaard.se\/index.php?rest_route=\/wp\/v2\/posts\/8774"}],"collection":[{"href":"https:\/\/haargaard.se\/index.php?rest_route=\/wp\/v2\/posts"}],"about":[{"href":"https:\/\/haargaard.se\/index.php?rest_route=\/wp\/v2\/types\/post"}],"author":[{"embeddable":true,"href":"https:\/\/haargaard.se\/index.php?rest_route=\/wp\/v2\/users\/1"}],"replies":[{"embeddable":true,"href":"https:\/\/haargaard.se\/index.php?rest_route=%2Fwp%2Fv2%2Fcomments&post=8774"}],"version-history":[{"count":1,"href":"https:\/\/haargaard.se\/index.php?rest_route=\/wp\/v2\/posts\/8774\/revisions"}],"predecessor-version":[{"id":8776,"href":"https:\/\/haargaard.se\/index.php?rest_route=\/wp\/v2\/posts\/8774\/revisions\/8776"}],"wp:attachment":[{"href":"https:\/\/haargaard.se\/index.php?rest_route=%2Fwp%2Fv2%2Fmedia&parent=8774"}],"wp:term":[{"taxonomy":"category","embeddable":true,"href":"https:\/\/haargaard.se\/index.php?rest_route=%2Fwp%2Fv2%2Fcategories&post=8774"},{"taxonomy":"post_tag","embeddable":true,"href":"https:\/\/haargaard.se\/index.php?rest_route=%2Fwp%2Fv2%2Ftags&post=8774"}],"curies":[{"name":"wp","href":"https:\/\/api.w.org\/{rel}","templated":true}]}}