{"id":8615,"date":"2016-07-29T20:44:39","date_gmt":"2016-07-29T18:44:39","guid":{"rendered":"http:\/\/haargaard.se\/?p=8615"},"modified":"2016-07-29T20:44:39","modified_gmt":"2016-07-29T18:44:39","slug":"projekt-farstukvist-paborjad","status":"publish","type":"post","link":"https:\/\/haargaard.se\/?p=8615","title":{"rendered":"Projekt farstukvist p\u00e5b\u00f6rjad"},"content":{"rendered":"<p style=\"text-align: center;\">H\u00e4r har varit en del klabbande med f\u00e4rg f\u00f6re min tid i Rucklet. Mycket svart och bl\u00e5 flagande f\u00e4rg p\u00e5 f\u00f6nster, d\u00f6rrar, knutar och farstukvist. Sen jag var barn har jag alltid dr\u00f6mt om ett hus p\u00e5 landet som skulle vara falur\u00f6tt med vita knutar och med h\u00e4star. H\u00e4romdagen kom pl\u00f6tsligt inspirationen att ta tag i farstukvisten. Har skrapat f\u00e4rg och grundm\u00e5lat tv\u00e5 stolpar och \u00f6verliggaren ut mot g\u00e5rdsplanen. Och vilken skillnad det blev! Det blir genast ett helt annat hus. Det kanske \u00e4r s\u00e5 att den d\u00e4r dr\u00f6mmen om det r\u00f6da huset med vita knutar inte \u00e4r alltf\u00f6r l\u00e5ngt bort. \u00c4ven om det \u00e4r en hel del arbete f\u00f6r att komma dit&#8230;<\/p>\n<p style=\"text-align: center;\">Det h\u00e4r var kanske inte det mest prioriterade projektet att b\u00f6rja med i Rucklet men n\u00e4r inspirationen infinner sig \u00e4r det bara att h\u00e4nga med.<\/p>\n<p style=\"text-align: center;\"><a href=\"https:\/\/haargaard.se\/wp-content\/uploads\/2016\/07\/IMG_18011.jpg\"><img loading=\"lazy\" class=\"alignnone size-medium wp-image-8616\" src=\"https:\/\/haargaard.se\/wp-content\/uploads\/2016\/07\/IMG_18011-300x225.jpg\" alt=\"IMG_1801[1]\" width=\"300\" height=\"225\" srcset=\"https:\/\/haargaard.se\/wp-content\/uploads\/2016\/07\/IMG_18011-300x225.jpg 300w, https:\/\/haargaard.se\/wp-content\/uploads\/2016\/07\/IMG_18011-768x576.jpg 768w, https:\/\/haargaard.se\/wp-content\/uploads\/2016\/07\/IMG_18011-1024x768.jpg 1024w\" sizes=\"(max-width: 300px) 100vw, 300px\" \/><\/a><\/p>\n","protected":false},"excerpt":{"rendered":"<p>H\u00e4r har varit en del klabbande med f\u00e4rg f\u00f6re min tid i Rucklet. Mycket svart och bl\u00e5 flagande f\u00e4rg p\u00e5 f\u00f6nster, d\u00f6rrar, knutar och farstukvist. Sen jag var barn har jag alltid dr\u00f6mt om ett hus p\u00e5 landet som skulle &hellip; <a href=\"https:\/\/haargaard.se\/?p=8615\">Continue reading <span class=\"meta-nav\">&rarr;<\/span><\/a><\/p>\n","protected":false},"author":1,"featured_media":0,"comment_status":"open","ping_status":"open","sticky":false,"template":"","format":"standard","meta":{"spay_email":"","jetpack_publicize_message":"","jetpack_is_tweetstorm":false,"jetpack_publicize_feature_enabled":true},"categories":[313],"tags":[771,772,685],"jetpack_featured_media_url":"","jetpack_publicize_connections":[],"jetpack_sharing_enabled":true,"jetpack_shortlink":"https:\/\/wp.me\/p41RA4-2eX","_links":{"self":[{"href":"https:\/\/haargaard.se\/index.php?rest_route=\/wp\/v2\/posts\/8615"}],"collection":[{"href":"https:\/\/haargaard.se\/index.php?rest_route=\/wp\/v2\/posts"}],"about":[{"href":"https:\/\/haargaard.se\/index.php?rest_route=\/wp\/v2\/types\/post"}],"author":[{"embeddable":true,"href":"https:\/\/haargaard.se\/index.php?rest_route=\/wp\/v2\/users\/1"}],"replies":[{"embeddable":true,"href":"https:\/\/haargaard.se\/index.php?rest_route=%2Fwp%2Fv2%2Fcomments&post=8615"}],"version-history":[{"count":1,"href":"https:\/\/haargaard.se\/index.php?rest_route=\/wp\/v2\/posts\/8615\/revisions"}],"predecessor-version":[{"id":8617,"href":"https:\/\/haargaard.se\/index.php?rest_route=\/wp\/v2\/posts\/8615\/revisions\/8617"}],"wp:attachment":[{"href":"https:\/\/haargaard.se\/index.php?rest_route=%2Fwp%2Fv2%2Fmedia&parent=8615"}],"wp:term":[{"taxonomy":"category","embeddable":true,"href":"https:\/\/haargaard.se\/index.php?rest_route=%2Fwp%2Fv2%2Fcategories&post=8615"},{"taxonomy":"post_tag","embeddable":true,"href":"https:\/\/haargaard.se\/index.php?rest_route=%2Fwp%2Fv2%2Ftags&post=8615"}],"curies":[{"name":"wp","href":"https:\/\/api.w.org\/{rel}","templated":true}]}}