{"id":8348,"date":"2016-06-25T20:58:37","date_gmt":"2016-06-25T18:58:37","guid":{"rendered":"http:\/\/haargaard.se\/?p=8348"},"modified":"2016-06-25T20:58:37","modified_gmt":"2016-06-25T18:58:37","slug":"det-narmar-sig-avfard-destination-island","status":"publish","type":"post","link":"https:\/\/haargaard.se\/?p=8348","title":{"rendered":"Det n\u00e4rmar sig avf\u00e4rd destination Island"},"content":{"rendered":"<p style=\"text-align: center;\">Det k\u00e4ndes som evigheter till avresedatum n\u00e4r jag bokade ridresan till Island men ins\u00e5g idag att det faktiskt bara \u00e4r sex dagar kvar. P\u00e5 fredag morgon b\u00e4r det av. Jag som knappt b\u00f6rjat fundera p\u00e5 vad som ska packas med. Idag har i alla fall den obligatoriska desinfektionen av skor, st\u00f6vlar och hj\u00e4lm med Virkon klarats av. Det f\u00e5r nog bli en tripp till Gek\u00e5s f\u00f6r att komplettera n\u00e4r packlistan \u00e4r klar.<\/p>\n<p style=\"text-align: center;\">S\u00e5 sk\u00f6nt att kunna \u00e5ka iv\u00e4g och veta att h\u00e4r bor folk och allt fixas med alla djuren. Det \u00e4r verkligen en v\u00e4lbeh\u00f6vlig semester. Det ska bli s\u00e5 otroligt roligt, ser s\u00e5 fram emot det h\u00e4r!<\/p>\n<p style=\"text-align: center;\"><a href=\"https:\/\/haargaard.se\/wp-content\/uploads\/2016\/06\/IMG_06251.jpg\"><img loading=\"lazy\" class=\"alignnone size-medium wp-image-8349\" src=\"https:\/\/haargaard.se\/wp-content\/uploads\/2016\/06\/IMG_06251-300x225.jpg\" alt=\"IMG_0625[1]\" width=\"300\" height=\"225\" srcset=\"https:\/\/haargaard.se\/wp-content\/uploads\/2016\/06\/IMG_06251-300x225.jpg 300w, https:\/\/haargaard.se\/wp-content\/uploads\/2016\/06\/IMG_06251-768x576.jpg 768w, https:\/\/haargaard.se\/wp-content\/uploads\/2016\/06\/IMG_06251-1024x768.jpg 1024w\" sizes=\"(max-width: 300px) 100vw, 300px\" \/><\/a><\/p>\n","protected":false},"excerpt":{"rendered":"<p>Det k\u00e4ndes som evigheter till avresedatum n\u00e4r jag bokade ridresan till Island men ins\u00e5g idag att det faktiskt bara \u00e4r sex dagar kvar. P\u00e5 fredag morgon b\u00e4r det av. Jag som knappt b\u00f6rjat fundera p\u00e5 vad som ska packas med. &hellip; <a href=\"https:\/\/haargaard.se\/?p=8348\">Continue reading <span class=\"meta-nav\">&rarr;<\/span><\/a><\/p>\n","protected":false},"author":1,"featured_media":0,"comment_status":"open","ping_status":"open","sticky":false,"template":"","format":"standard","meta":{"spay_email":"","jetpack_publicize_message":"","jetpack_is_tweetstorm":false,"jetpack_publicize_feature_enabled":true},"categories":[1],"tags":[],"jetpack_featured_media_url":"","jetpack_publicize_connections":[],"jetpack_sharing_enabled":true,"jetpack_shortlink":"https:\/\/wp.me\/p41RA4-2aE","_links":{"self":[{"href":"https:\/\/haargaard.se\/index.php?rest_route=\/wp\/v2\/posts\/8348"}],"collection":[{"href":"https:\/\/haargaard.se\/index.php?rest_route=\/wp\/v2\/posts"}],"about":[{"href":"https:\/\/haargaard.se\/index.php?rest_route=\/wp\/v2\/types\/post"}],"author":[{"embeddable":true,"href":"https:\/\/haargaard.se\/index.php?rest_route=\/wp\/v2\/users\/1"}],"replies":[{"embeddable":true,"href":"https:\/\/haargaard.se\/index.php?rest_route=%2Fwp%2Fv2%2Fcomments&post=8348"}],"version-history":[{"count":1,"href":"https:\/\/haargaard.se\/index.php?rest_route=\/wp\/v2\/posts\/8348\/revisions"}],"predecessor-version":[{"id":8350,"href":"https:\/\/haargaard.se\/index.php?rest_route=\/wp\/v2\/posts\/8348\/revisions\/8350"}],"wp:attachment":[{"href":"https:\/\/haargaard.se\/index.php?rest_route=%2Fwp%2Fv2%2Fmedia&parent=8348"}],"wp:term":[{"taxonomy":"category","embeddable":true,"href":"https:\/\/haargaard.se\/index.php?rest_route=%2Fwp%2Fv2%2Fcategories&post=8348"},{"taxonomy":"post_tag","embeddable":true,"href":"https:\/\/haargaard.se\/index.php?rest_route=%2Fwp%2Fv2%2Ftags&post=8348"}],"curies":[{"name":"wp","href":"https:\/\/api.w.org\/{rel}","templated":true}]}}