{"id":79,"date":"2013-06-29T17:35:00","date_gmt":"2013-06-29T15:35:00","guid":{"rendered":"http:\/\/haargaard.se\/?p=79"},"modified":"2013-06-29T17:35:00","modified_gmt":"2013-06-29T15:35:00","slug":"ah-jag-hade-helt-glomt-hur-harligt-det-ar-att-cykla","status":"publish","type":"post","link":"https:\/\/haargaard.se\/?p=79","title":{"rendered":"\u00c5h, jag hade helt gl\u00f6mt hur h\u00e4rligt det \u00e4r att cykla!"},"content":{"rendered":"<p><span>Skulle h\u00e4mta en bil i stan ig\u00e5r och kom p\u00e5 den lysande id\u00e9n att eftersom ton\u00e5ringens cykel nu var servad kunde jag cykla in och sen k\u00f6ra hem. Ton\u00e5ringen tittade skeptiskt p\u00e5 mig och kunde inte f\u00f6rst\u00e5 hur jag kunde komma p\u00e5 en s\u00e5 knasig id\u00e9. Kan v\u00e4l medge att \u00e4ven jag n\u00e4rde ett visst inslag av &#8220;Hur ska det g\u00e5..?&#8221; . \u00a0H\u00e4rligt sommarv\u00e4der, l\u00e4tt medvind och den d\u00e4r h\u00e4rliga frihetsk\u00e4nslan p\u00e5 en cykel. Trampade p\u00e5 mest hela v\u00e4gen. Nu best\u00e4mde sig min polarklocka f\u00f6r att den inte skulle fungera l\u00e4ngre s\u00e5 loggningen \u00e4r borta men jag har f\u00f6r mig att det var 1,5 mil och tog 45 min. Ett helt ok tr\u00e4ningspass. Lite lagom att dra g\u00e5ng lite f\u00f6rsiktigt igen efter en r\u00e4tt l\u00e5ng vila eftersom jag inte m\u00e5tt bra alls.<\/span><\/p>\n<p><span>Kom dock r\u00e4tt snart p\u00e5<i> varf\u00f6r<\/i> jag har lagt cyklandet p\u00e5 hyllan. F\u00f6rst och fr\u00e4mst&#8230; ajajaj min stackars bakdel. Skulle beh\u00f6va en hel del extra vaddering d\u00e4r minsann. Kanske v\u00e4rre \u00e4r att armarna har sv\u00e5rt f\u00f6r det statiska greppet om styret i kombination med skakningarna. Tror i o f s att det hj\u00e4lpte lite att cykeln har d\u00e4mpning. Det mest f\u00f6rv\u00e5nande \u00e4r att benen inte k\u00e4nns av alls, s\u00e5 n\u00e5gon form av grundkondition har jag v\u00e4l i alla fall.<\/span><br \/><span><br \/><\/span><\/p>\n<div><a href=\"http:\/\/4.bp.blogspot.com\/-IMCeMtS1iT4\/Uc7-jl-sTNI\/AAAAAAAAnqo\/hdAgRst9lw4\/s1600\/IMG_1414%5B1%5D.JPG\" imageanchor=\"1\"><img loading=\"lazy\" border=\"0\" height=\"240\" src=\"http:\/\/4.bp.blogspot.com\/-IMCeMtS1iT4\/Uc7-jl-sTNI\/AAAAAAAAnqo\/hdAgRst9lw4\/s320\/IMG_1414%5B1%5D.JPG\" width=\"320\"><\/a><\/div>\n<p><span><br \/><\/span><\/p>\n","protected":false},"excerpt":{"rendered":"<p>Skulle h\u00e4mta en bil i stan ig\u00e5r och kom p\u00e5 den lysande id\u00e9n att eftersom ton\u00e5ringens cykel nu var servad kunde jag cykla in och sen k\u00f6ra hem. Ton\u00e5ringen tittade skeptiskt p\u00e5 mig och kunde inte f\u00f6rst\u00e5 hur jag kunde &hellip; <a href=\"https:\/\/haargaard.se\/?p=79\">Continue reading <span class=\"meta-nav\">&rarr;<\/span><\/a><\/p>\n","protected":false},"author":1,"featured_media":0,"comment_status":"open","ping_status":"open","sticky":false,"template":"","format":"standard","meta":{"spay_email":"","jetpack_publicize_message":"","jetpack_is_tweetstorm":false,"jetpack_publicize_feature_enabled":true},"categories":[63],"tags":[],"jetpack_featured_media_url":"","jetpack_publicize_connections":[],"jetpack_sharing_enabled":true,"jetpack_shortlink":"https:\/\/wp.me\/p41RA4-1h","_links":{"self":[{"href":"https:\/\/haargaard.se\/index.php?rest_route=\/wp\/v2\/posts\/79"}],"collection":[{"href":"https:\/\/haargaard.se\/index.php?rest_route=\/wp\/v2\/posts"}],"about":[{"href":"https:\/\/haargaard.se\/index.php?rest_route=\/wp\/v2\/types\/post"}],"author":[{"embeddable":true,"href":"https:\/\/haargaard.se\/index.php?rest_route=\/wp\/v2\/users\/1"}],"replies":[{"embeddable":true,"href":"https:\/\/haargaard.se\/index.php?rest_route=%2Fwp%2Fv2%2Fcomments&post=79"}],"version-history":[{"count":0,"href":"https:\/\/haargaard.se\/index.php?rest_route=\/wp\/v2\/posts\/79\/revisions"}],"wp:attachment":[{"href":"https:\/\/haargaard.se\/index.php?rest_route=%2Fwp%2Fv2%2Fmedia&parent=79"}],"wp:term":[{"taxonomy":"category","embeddable":true,"href":"https:\/\/haargaard.se\/index.php?rest_route=%2Fwp%2Fv2%2Fcategories&post=79"},{"taxonomy":"post_tag","embeddable":true,"href":"https:\/\/haargaard.se\/index.php?rest_route=%2Fwp%2Fv2%2Ftags&post=79"}],"curies":[{"name":"wp","href":"https:\/\/api.w.org\/{rel}","templated":true}]}}