{"id":7652,"date":"2016-03-20T02:52:26","date_gmt":"2016-03-20T00:52:26","guid":{"rendered":"http:\/\/haargaard.se\/?p=7652"},"modified":"2016-03-20T02:52:26","modified_gmt":"2016-03-20T00:52:26","slug":"ett-rorigt-dygn-blev-familjehemspremiaren","status":"publish","type":"post","link":"https:\/\/haargaard.se\/?p=7652","title":{"rendered":"Ett r\u00f6rigt dygn blev familjehemspremi\u00e4ren"},"content":{"rendered":"<p style=\"text-align: center;\">Ett mycket r\u00f6rigt dygn blev premi\u00e4ren p\u00e5 det h\u00e4r med att vara familjehem.\u00a0 I eftermiddags \u00e5kte pojken tillbaka till HVB-hemmet han kom ifr\u00e5n. N\u00e4r f\u00f6rv\u00e4ntningar krockar med verkligheten.<\/p>\n<p style=\"text-align: center;\">I v\u00e4ntan p\u00e5 att det ska komma ett nytt barn som f\u00f6rhoppningsvis uppskattar eller \u00e5tminstone klarar av att leva med livet p\u00e5 landet jobbar jag vidare med rummet. Det blev ett nytt bord som kan anv\u00e4ndas som skrivbord.<\/p>\n<p style=\"text-align: center;\">N\u00e4st p\u00e5 tur \u00e4r att hitta n\u00e5gon f\u00f6rvaring som fungerar i det h\u00e4r r\u00e4tt sv\u00e5rm\u00f6blerade rummet.<\/p>\n<p style=\"text-align: center;\"><a href=\"https:\/\/haargaard.se\/wp-content\/uploads\/2016\/03\/IMG_86741.jpg\" rel=\"attachment wp-att-7653\"><img loading=\"lazy\" class=\"alignnone size-medium wp-image-7653\" src=\"https:\/\/haargaard.se\/wp-content\/uploads\/2016\/03\/IMG_86741-300x225.jpg\" alt=\"IMG_8674[1]\" width=\"300\" height=\"225\" srcset=\"https:\/\/haargaard.se\/wp-content\/uploads\/2016\/03\/IMG_86741-300x225.jpg 300w, https:\/\/haargaard.se\/wp-content\/uploads\/2016\/03\/IMG_86741-768x576.jpg 768w, https:\/\/haargaard.se\/wp-content\/uploads\/2016\/03\/IMG_86741-1024x768.jpg 1024w\" sizes=\"(max-width: 300px) 100vw, 300px\" \/><\/a><\/p>\n","protected":false},"excerpt":{"rendered":"<p>Ett mycket r\u00f6rigt dygn blev premi\u00e4ren p\u00e5 det h\u00e4r med att vara familjehem.\u00a0 I eftermiddags \u00e5kte pojken tillbaka till HVB-hemmet han kom ifr\u00e5n. N\u00e4r f\u00f6rv\u00e4ntningar krockar med verkligheten. I v\u00e4ntan p\u00e5 att det ska komma ett nytt barn som f\u00f6rhoppningsvis &hellip; <a href=\"https:\/\/haargaard.se\/?p=7652\">Continue reading <span class=\"meta-nav\">&rarr;<\/span><\/a><\/p>\n","protected":false},"author":1,"featured_media":0,"comment_status":"open","ping_status":"open","sticky":false,"template":"","format":"standard","meta":{"spay_email":"","jetpack_publicize_message":"","jetpack_is_tweetstorm":false,"jetpack_publicize_feature_enabled":true},"categories":[719],"tags":[720],"jetpack_featured_media_url":"","jetpack_publicize_connections":[],"jetpack_sharing_enabled":true,"jetpack_shortlink":"https:\/\/wp.me\/p41RA4-1Zq","_links":{"self":[{"href":"https:\/\/haargaard.se\/index.php?rest_route=\/wp\/v2\/posts\/7652"}],"collection":[{"href":"https:\/\/haargaard.se\/index.php?rest_route=\/wp\/v2\/posts"}],"about":[{"href":"https:\/\/haargaard.se\/index.php?rest_route=\/wp\/v2\/types\/post"}],"author":[{"embeddable":true,"href":"https:\/\/haargaard.se\/index.php?rest_route=\/wp\/v2\/users\/1"}],"replies":[{"embeddable":true,"href":"https:\/\/haargaard.se\/index.php?rest_route=%2Fwp%2Fv2%2Fcomments&post=7652"}],"version-history":[{"count":1,"href":"https:\/\/haargaard.se\/index.php?rest_route=\/wp\/v2\/posts\/7652\/revisions"}],"predecessor-version":[{"id":7654,"href":"https:\/\/haargaard.se\/index.php?rest_route=\/wp\/v2\/posts\/7652\/revisions\/7654"}],"wp:attachment":[{"href":"https:\/\/haargaard.se\/index.php?rest_route=%2Fwp%2Fv2%2Fmedia&parent=7652"}],"wp:term":[{"taxonomy":"category","embeddable":true,"href":"https:\/\/haargaard.se\/index.php?rest_route=%2Fwp%2Fv2%2Fcategories&post=7652"},{"taxonomy":"post_tag","embeddable":true,"href":"https:\/\/haargaard.se\/index.php?rest_route=%2Fwp%2Fv2%2Ftags&post=7652"}],"curies":[{"name":"wp","href":"https:\/\/api.w.org\/{rel}","templated":true}]}}