{"id":7625,"date":"2016-03-13T22:12:53","date_gmt":"2016-03-13T20:12:53","guid":{"rendered":"http:\/\/haargaard.se\/?p=7625"},"modified":"2016-03-13T22:12:53","modified_gmt":"2016-03-13T20:12:53","slug":"maja-fick-sig-en-dust-med-sadelpadden","status":"publish","type":"post","link":"https:\/\/haargaard.se\/?p=7625","title":{"rendered":"Maja fick sig en dust med sadelpadden"},"content":{"rendered":"<p style=\"text-align: center;\">F\u00f6rutom att upprepa <a href=\"https:\/\/haargaard.se\/?p=7604\" target=\"_blank\">g\u00e5rdagens \u00f6vning med en v\u00e4ldigt kort promenad med lite tygel- och r\u00f6relse vid sadelposition<\/a> fick Maja sig en dust med sadelpadden. Nu var det l\u00e4nge sen den var framme. Har inte riktigt hunnit med. Det \u00e4r s\u00e5 mycket som ska g\u00f6ras hela tiden. Tycker att hon var duktig Maja. Trots att det var s\u00e5 l\u00e4nge sen s\u00e5 klarade hon det riktigt bra. St\u00e5r och viftar runt p\u00e5 den r\u00e4tt bra innan en landar d\u00e4r p\u00e5 ryggen. Det \u00e4r inte det h\u00e4r hon gillar mest i hela v\u00e4rlden direkt&#8230; Har inte v\u00e5gat b\u00f6rja med att l\u00e5ta den trilla av \u00e4n&#8230; hon f\u00e5r allt bli lite stabilare f\u00f6rst. Det mysigaste \u00e4r att hon st\u00e5r kvar och vill ha gos och kli n\u00e4r vi \u00e4r f\u00e4rdiga.<\/p>\n<p style=\"text-align: center;\">Mel\u00f3dia stod och \u00f6vervakade s\u00e5 att allt gick r\u00e4tt till&#8230;<\/p>\n<p style=\"text-align: center;\"><a href=\"https:\/\/haargaard.se\/wp-content\/uploads\/2016\/03\/IMG_86421.jpg\" rel=\"attachment wp-att-7626\"><img loading=\"lazy\" class=\"alignnone size-medium wp-image-7626\" src=\"https:\/\/haargaard.se\/wp-content\/uploads\/2016\/03\/IMG_86421-300x225.jpg\" alt=\"IMG_8642[1]\" width=\"300\" height=\"225\" srcset=\"https:\/\/haargaard.se\/wp-content\/uploads\/2016\/03\/IMG_86421-300x225.jpg 300w, https:\/\/haargaard.se\/wp-content\/uploads\/2016\/03\/IMG_86421-768x576.jpg 768w, https:\/\/haargaard.se\/wp-content\/uploads\/2016\/03\/IMG_86421-1024x768.jpg 1024w\" sizes=\"(max-width: 300px) 100vw, 300px\" \/><\/a><\/p>\n","protected":false},"excerpt":{"rendered":"<p>F\u00f6rutom att upprepa g\u00e5rdagens \u00f6vning med en v\u00e4ldigt kort promenad med lite tygel- och r\u00f6relse vid sadelposition fick Maja sig en dust med sadelpadden. Nu var det l\u00e4nge sen den var framme. Har inte riktigt hunnit med. Det \u00e4r s\u00e5 &hellip; <a href=\"https:\/\/haargaard.se\/?p=7625\">Continue reading <span class=\"meta-nav\">&rarr;<\/span><\/a><\/p>\n","protected":false},"author":1,"featured_media":0,"comment_status":"open","ping_status":"open","sticky":false,"template":"","format":"standard","meta":{"spay_email":"","jetpack_publicize_message":"","jetpack_is_tweetstorm":false,"jetpack_publicize_feature_enabled":true},"categories":[625],"tags":[615,704],"jetpack_featured_media_url":"","jetpack_publicize_connections":[],"jetpack_sharing_enabled":true,"jetpack_shortlink":"https:\/\/wp.me\/p41RA4-1YZ","_links":{"self":[{"href":"https:\/\/haargaard.se\/index.php?rest_route=\/wp\/v2\/posts\/7625"}],"collection":[{"href":"https:\/\/haargaard.se\/index.php?rest_route=\/wp\/v2\/posts"}],"about":[{"href":"https:\/\/haargaard.se\/index.php?rest_route=\/wp\/v2\/types\/post"}],"author":[{"embeddable":true,"href":"https:\/\/haargaard.se\/index.php?rest_route=\/wp\/v2\/users\/1"}],"replies":[{"embeddable":true,"href":"https:\/\/haargaard.se\/index.php?rest_route=%2Fwp%2Fv2%2Fcomments&post=7625"}],"version-history":[{"count":1,"href":"https:\/\/haargaard.se\/index.php?rest_route=\/wp\/v2\/posts\/7625\/revisions"}],"predecessor-version":[{"id":7627,"href":"https:\/\/haargaard.se\/index.php?rest_route=\/wp\/v2\/posts\/7625\/revisions\/7627"}],"wp:attachment":[{"href":"https:\/\/haargaard.se\/index.php?rest_route=%2Fwp%2Fv2%2Fmedia&parent=7625"}],"wp:term":[{"taxonomy":"category","embeddable":true,"href":"https:\/\/haargaard.se\/index.php?rest_route=%2Fwp%2Fv2%2Fcategories&post=7625"},{"taxonomy":"post_tag","embeddable":true,"href":"https:\/\/haargaard.se\/index.php?rest_route=%2Fwp%2Fv2%2Ftags&post=7625"}],"curies":[{"name":"wp","href":"https:\/\/api.w.org\/{rel}","templated":true}]}}