{"id":761,"date":"2013-09-22T01:18:04","date_gmt":"2013-09-21T23:18:04","guid":{"rendered":"http:\/\/haargaard.se\/?p=761"},"modified":"2013-09-22T01:18:04","modified_gmt":"2013-09-21T23:18:04","slug":"provat-glutenfri-smulpaj","status":"publish","type":"post","link":"https:\/\/haargaard.se\/?p=761","title":{"rendered":"Pr\u00f6vat glutenfri smulpaj"},"content":{"rendered":"<p style=\"text-align: center;\">N\u00e4r ton\u00e5ringen kommit ig\u00e5ng tog vi en \u00f6vningsk\u00f6rningsrunda till Stensj\u00f6strand f\u00f6r att titta till ungh\u00e4starna. Framf\u00f6r allt Sk\u00e1lda. Har varit s\u00e5 orolig f\u00f6r henne. Hon s\u00e5g s\u00e5 ledsen och h\u00e4ngig ut n\u00e4r jag var d\u00e4r f\u00f6rra l\u00f6rdagen. \u00c4ven jag \u00e4r s\u00e5 ledsen s\u00e5 ledsen men Sk\u00e1lda s\u00e5g i alla fall lite gladare ut idag.<\/p>\n<p style=\"text-align: center;\"><a href=\"https:\/\/haargaard.se\/wp-content\/uploads\/2013\/09\/IMG_38081.jpg\"><img loading=\"lazy\" class=\"alignnone size-medium wp-image-763\" alt=\"IMG_3808[1]\" src=\"https:\/\/haargaard.se\/wp-content\/uploads\/2013\/09\/IMG_38081-300x225.jpg\" width=\"300\" height=\"225\" srcset=\"https:\/\/haargaard.se\/wp-content\/uploads\/2013\/09\/IMG_38081-300x225.jpg 300w, https:\/\/haargaard.se\/wp-content\/uploads\/2013\/09\/IMG_38081-1024x768.jpg 1024w\" sizes=\"(max-width: 300px) 100vw, 300px\" \/><\/a><\/p>\n<p style=\"text-align: center;\">\n<p style=\"text-align: center;\">Kom p\u00e5 att jag skulle ta vara p\u00e5 n\u00e5gra av alla \u00e4pplen. Det \u00e4r ett Alicetr\u00e4d. \u00c4pplena \u00e4r goda tills de mognar och blir \u00e4ckligt mj\u00f6liga&#8230;<\/p>\n<p style=\"text-align: center;\"><a style=\"color: #ff4b33; line-height: 24px;\" href=\"https:\/\/haargaard.se\/wp-content\/uploads\/2013\/09\/IMG_38131.jpg\"><img loading=\"lazy\" class=\"alignnone size-medium wp-image-764\" alt=\"IMG_3813[1]\" src=\"https:\/\/haargaard.se\/wp-content\/uploads\/2013\/09\/IMG_38131-300x225.jpg\" width=\"300\" height=\"225\" srcset=\"https:\/\/haargaard.se\/wp-content\/uploads\/2013\/09\/IMG_38131-300x225.jpg 300w, https:\/\/haargaard.se\/wp-content\/uploads\/2013\/09\/IMG_38131-1024x768.jpg 1024w\" sizes=\"(max-width: 300px) 100vw, 300px\" \/><\/a><\/p>\n<p style=\"text-align: center;\">F\u00f6rs\u00f6kte desperat googla p\u00e5 glutenfri smulpaj men i stort sett alla recept inneh\u00f6ll n\u00e5gon form av s\u00e5n h\u00e4r glutenfri mj\u00f6lmix och n\u00e5gon s\u00e5n har jag inte k\u00f6pt. Hittade till slut ett med enbart havregryn som jag kunde anv\u00e4nda som bas. Blev faktiskt r\u00e4tt gott \u00e4ven om huvudet \u00e4r allt annat \u00e4n n\u00e4rvarande s\u00e5 jag gjorde det mesta fel. Potatismj\u00f6let och f\u00f6r mycket av sockret hamnade i smulet ist\u00e4llet f\u00f6r att str\u00f6s direkt p\u00e5 \u00e4pplena och st\u00f6rsta delen av sm\u00f6ret skivade jag p\u00e5 \u00f6ver smulet&#8230; Ska ha mindre socker n\u00e4sta g\u00e5ng och det f\u00e5r nog bli en investering i farinsocker ocks\u00e5.<\/p>\n<p style=\"text-align: center;\"><a style=\"color: #ff4b33; line-height: 24px;\" href=\"https:\/\/haargaard.se\/wp-content\/uploads\/2013\/09\/IMG_38171.jpg\"><img loading=\"lazy\" class=\"alignnone size-medium wp-image-767\" alt=\"IMG_3817[1]\" src=\"https:\/\/haargaard.se\/wp-content\/uploads\/2013\/09\/IMG_38171-300x225.jpg\" width=\"300\" height=\"225\" srcset=\"https:\/\/haargaard.se\/wp-content\/uploads\/2013\/09\/IMG_38171-300x225.jpg 300w, https:\/\/haargaard.se\/wp-content\/uploads\/2013\/09\/IMG_38171-1024x768.jpg 1024w\" sizes=\"(max-width: 300px) 100vw, 300px\" \/><\/a>\u00a0\u00a0<a style=\"color: #ff4b33; line-height: 24px;\" href=\"https:\/\/haargaard.se\/wp-content\/uploads\/2013\/09\/IMG_38181.jpg\"><img loading=\"lazy\" class=\"alignnone size-medium wp-image-768\" alt=\"IMG_3818[1]\" src=\"https:\/\/haargaard.se\/wp-content\/uploads\/2013\/09\/IMG_38181-300x225.jpg\" width=\"300\" height=\"225\" srcset=\"https:\/\/haargaard.se\/wp-content\/uploads\/2013\/09\/IMG_38181-300x225.jpg 300w, https:\/\/haargaard.se\/wp-content\/uploads\/2013\/09\/IMG_38181-1024x768.jpg 1024w\" sizes=\"(max-width: 300px) 100vw, 300px\" \/><\/a><\/p>\n<p style=\"text-align: center;\">Det \u00e4r inte klokt vad det v\u00e4xer d\u00e4r altanen var. Idag noterade jag att det v\u00e4xte flera sj\u00e4lvs\u00e5dda plantor physalis ocks\u00e5. Inte hinner de v\u00e4l mogna innan det \u00e4r f\u00f6r sent f\u00f6rst\u00e5s&#8230; De sj\u00e4lvs\u00e5dda tomaterna trivs bra d\u00e4r vid husv\u00e4ggen. De enda som kanske m\u00f6jligtvis hinner mogna n\u00e5gra stycken om det bli varmt och sol n\u00e5gra dagar till.<\/p>\n<p style=\"text-align: center;\"><a href=\"https:\/\/haargaard.se\/wp-content\/uploads\/2013\/09\/IMG_38151.jpg\"><img loading=\"lazy\" class=\"alignnone size-medium wp-image-765\" alt=\"IMG_3815[1]\" src=\"https:\/\/haargaard.se\/wp-content\/uploads\/2013\/09\/IMG_38151-300x225.jpg\" width=\"300\" height=\"225\" srcset=\"https:\/\/haargaard.se\/wp-content\/uploads\/2013\/09\/IMG_38151-300x225.jpg 300w, https:\/\/haargaard.se\/wp-content\/uploads\/2013\/09\/IMG_38151-1024x768.jpg 1024w\" sizes=\"(max-width: 300px) 100vw, 300px\" \/><\/a>\u00a0<a href=\"https:\/\/haargaard.se\/wp-content\/uploads\/2013\/09\/IMG_38161.jpg\"><img loading=\"lazy\" class=\"alignnone size-medium wp-image-766\" alt=\"IMG_3816[1]\" src=\"https:\/\/haargaard.se\/wp-content\/uploads\/2013\/09\/IMG_38161-300x225.jpg\" width=\"300\" height=\"225\" srcset=\"https:\/\/haargaard.se\/wp-content\/uploads\/2013\/09\/IMG_38161-300x225.jpg 300w, https:\/\/haargaard.se\/wp-content\/uploads\/2013\/09\/IMG_38161-1024x768.jpg 1024w\" sizes=\"(max-width: 300px) 100vw, 300px\" \/><\/a><\/p>\n<p style=\"text-align: center;\">S\u00e5 har vi v\u00e5r alldeles egen batman i hagen, den lille goe Loke fr\u00e5n Haargaard. Det ser f\u00f6r kul ut n\u00e4r f\u00f6len tappar f\u00f6lp\u00e4lsen s\u00e5 att det blir som en mask.<\/p>\n<p style=\"text-align: center;\"><a href=\"https:\/\/haargaard.se\/wp-content\/uploads\/2013\/09\/IMG_38201.jpg\"><img loading=\"lazy\" class=\"alignnone size-medium wp-image-769\" alt=\"IMG_3820[1]\" src=\"https:\/\/haargaard.se\/wp-content\/uploads\/2013\/09\/IMG_38201-300x225.jpg\" width=\"300\" height=\"225\" srcset=\"https:\/\/haargaard.se\/wp-content\/uploads\/2013\/09\/IMG_38201-300x225.jpg 300w, https:\/\/haargaard.se\/wp-content\/uploads\/2013\/09\/IMG_38201-1024x768.jpg 1024w\" sizes=\"(max-width: 300px) 100vw, 300px\" \/><\/a> <a href=\"https:\/\/haargaard.se\/wp-content\/uploads\/2013\/09\/IMG_38221.jpg\"><img loading=\"lazy\" class=\"alignnone size-medium wp-image-770\" alt=\"IMG_3822[1]\" src=\"https:\/\/haargaard.se\/wp-content\/uploads\/2013\/09\/IMG_38221-300x225.jpg\" width=\"300\" height=\"225\" srcset=\"https:\/\/haargaard.se\/wp-content\/uploads\/2013\/09\/IMG_38221-300x225.jpg 300w, https:\/\/haargaard.se\/wp-content\/uploads\/2013\/09\/IMG_38221-1024x768.jpg 1024w\" sizes=\"(max-width: 300px) 100vw, 300px\" \/><\/a><\/p>\n<p style=\"text-align: center;\">Kopplade bort det befintliga vattnet i stallet f\u00f6r att f\u00f6rbereda f\u00f6r nya slangen som kommer p\u00e5 onsdag. Funderade ett tag p\u00e5 hur jag skulle \u00f6ppna upp h\u00e5let i v\u00e4ggen lite till men s\u00e5 kom jag p\u00e5 att r\u00f6rmokaren nog har l\u00e4mplig borr f\u00f6r det d\u00e4r.<\/p>\n<p style=\"text-align: center;\"><a href=\"https:\/\/haargaard.se\/wp-content\/uploads\/2013\/09\/IMG_38241.jpg\"><img loading=\"lazy\" class=\"alignnone size-medium wp-image-771\" alt=\"IMG_3824[1]\" src=\"https:\/\/haargaard.se\/wp-content\/uploads\/2013\/09\/IMG_38241-e1379791989492-225x300.jpg\" width=\"225\" height=\"300\" srcset=\"https:\/\/haargaard.se\/wp-content\/uploads\/2013\/09\/IMG_38241-e1379791989492-225x300.jpg 225w, https:\/\/haargaard.se\/wp-content\/uploads\/2013\/09\/IMG_38241-e1379791989492-768x1024.jpg 768w\" sizes=\"(max-width: 225px) 100vw, 225px\" \/><\/a> <a href=\"https:\/\/haargaard.se\/wp-content\/uploads\/2013\/09\/IMG_38261.jpg\"><img loading=\"lazy\" class=\"alignnone size-medium wp-image-772\" alt=\"IMG_3826[1]\" src=\"https:\/\/haargaard.se\/wp-content\/uploads\/2013\/09\/IMG_38261-300x225.jpg\" width=\"300\" height=\"225\" srcset=\"https:\/\/haargaard.se\/wp-content\/uploads\/2013\/09\/IMG_38261-300x225.jpg 300w, https:\/\/haargaard.se\/wp-content\/uploads\/2013\/09\/IMG_38261-1024x768.jpg 1024w\" sizes=\"(max-width: 300px) 100vw, 300px\" \/><\/a><\/p>\n<p style=\"text-align: center;\">Idag fick \u00e4ntligen de flesta pelargonerna flytta in igen. Bara inkastade, f\u00e5r f\u00f6rs\u00f6ka ordna upp det n\u00e5gon annan dag. Kanske att jag kan komma ih\u00e5g att vattna dem lite i vinter s\u00e5 att n\u00e5gra fler kan \u00f6verleva vintern. Det blev n\u00e5gra pelargoner till slut i \u00e5r ocks\u00e5 \u00e4ven fast de flesta str\u00f6k med i v\u00e5ras och jag inte shoppat loss p\u00e5 en massa nya i \u00e5r.<\/p>\n<p style=\"text-align: center;\"><a href=\"https:\/\/haargaard.se\/wp-content\/uploads\/2013\/09\/IMG_38291.jpg\"><img loading=\"lazy\" class=\"alignnone size-medium wp-image-773\" alt=\"IMG_3829[1]\" src=\"https:\/\/haargaard.se\/wp-content\/uploads\/2013\/09\/IMG_38291-300x225.jpg\" width=\"300\" height=\"225\" srcset=\"https:\/\/haargaard.se\/wp-content\/uploads\/2013\/09\/IMG_38291-300x225.jpg 300w, https:\/\/haargaard.se\/wp-content\/uploads\/2013\/09\/IMG_38291-1024x768.jpg 1024w\" sizes=\"(max-width: 300px) 100vw, 300px\" \/><\/a> <a href=\"https:\/\/haargaard.se\/wp-content\/uploads\/2013\/09\/IMG_38311.jpg\"><img loading=\"lazy\" class=\"alignnone size-medium wp-image-774\" alt=\"IMG_3831[1]\" src=\"https:\/\/haargaard.se\/wp-content\/uploads\/2013\/09\/IMG_38311-300x225.jpg\" width=\"300\" height=\"225\" srcset=\"https:\/\/haargaard.se\/wp-content\/uploads\/2013\/09\/IMG_38311-300x225.jpg 300w, https:\/\/haargaard.se\/wp-content\/uploads\/2013\/09\/IMG_38311-1024x768.jpg 1024w\" sizes=\"(max-width: 300px) 100vw, 300px\" \/><\/a><\/p>\n<p style=\"text-align: center;\">\n","protected":false},"excerpt":{"rendered":"<p>N\u00e4r ton\u00e5ringen kommit ig\u00e5ng tog vi en \u00f6vningsk\u00f6rningsrunda till Stensj\u00f6strand f\u00f6r att titta till ungh\u00e4starna. Framf\u00f6r allt Sk\u00e1lda. Har varit s\u00e5 orolig f\u00f6r henne. Hon s\u00e5g s\u00e5 ledsen och h\u00e4ngig ut n\u00e4r jag var d\u00e4r f\u00f6rra l\u00f6rdagen. \u00c4ven jag \u00e4r &hellip; <a href=\"https:\/\/haargaard.se\/?p=761\">Continue reading <span class=\"meta-nav\">&rarr;<\/span><\/a><\/p>\n","protected":false},"author":1,"featured_media":0,"comment_status":"open","ping_status":"open","sticky":false,"template":"","format":"standard","meta":{"spay_email":"","jetpack_publicize_message":"","jetpack_is_tweetstorm":false,"jetpack_publicize_feature_enabled":true},"categories":[1],"tags":[13,366,14,674,678,671],"jetpack_featured_media_url":"","jetpack_publicize_connections":[],"jetpack_sharing_enabled":true,"jetpack_shortlink":"https:\/\/wp.me\/p41RA4-ch","_links":{"self":[{"href":"https:\/\/haargaard.se\/index.php?rest_route=\/wp\/v2\/posts\/761"}],"collection":[{"href":"https:\/\/haargaard.se\/index.php?rest_route=\/wp\/v2\/posts"}],"about":[{"href":"https:\/\/haargaard.se\/index.php?rest_route=\/wp\/v2\/types\/post"}],"author":[{"embeddable":true,"href":"https:\/\/haargaard.se\/index.php?rest_route=\/wp\/v2\/users\/1"}],"replies":[{"embeddable":true,"href":"https:\/\/haargaard.se\/index.php?rest_route=%2Fwp%2Fv2%2Fcomments&post=761"}],"version-history":[{"count":1,"href":"https:\/\/haargaard.se\/index.php?rest_route=\/wp\/v2\/posts\/761\/revisions"}],"predecessor-version":[{"id":777,"href":"https:\/\/haargaard.se\/index.php?rest_route=\/wp\/v2\/posts\/761\/revisions\/777"}],"wp:attachment":[{"href":"https:\/\/haargaard.se\/index.php?rest_route=%2Fwp%2Fv2%2Fmedia&parent=761"}],"wp:term":[{"taxonomy":"category","embeddable":true,"href":"https:\/\/haargaard.se\/index.php?rest_route=%2Fwp%2Fv2%2Fcategories&post=761"},{"taxonomy":"post_tag","embeddable":true,"href":"https:\/\/haargaard.se\/index.php?rest_route=%2Fwp%2Fv2%2Ftags&post=761"}],"curies":[{"name":"wp","href":"https:\/\/api.w.org\/{rel}","templated":true}]}}