{"id":7343,"date":"2016-02-07T17:05:26","date_gmt":"2016-02-07T15:05:26","guid":{"rendered":"http:\/\/haargaard.se\/?p=7343"},"modified":"2016-02-07T17:05:26","modified_gmt":"2016-02-07T15:05:26","slug":"en-pigg-och-framat-melodia-i-skritt","status":"publish","type":"post","link":"https:\/\/haargaard.se\/?p=7343","title":{"rendered":"En pigg och fram\u00e5t Mel\u00f3dia&#8230; i skritt"},"content":{"rendered":"<p style=\"text-align: center;\">En ridtur p\u00e5 Mel\u00f3dia tillsammans med grannt\u00f6sen Myra p\u00e5 Bergthora. Valde en f\u00f6r Mel\u00f3dia ny runda som \u00e4r lite l\u00e4ngre \u00e4n \u00e5snerundan som vi oftast rider. Mel\u00f3dia var s\u00e5 stabil trots att det var en alldeles ny v\u00e4g som hon aldrig g\u00e5tt f\u00f6rr.\u00a0 Hon gick g\u00e4rna f\u00f6rst. D\u00e4r trivdes hon b\u00e4st. <a href=\"https:\/\/www.youtube.com\/watch?v=YACR-sN-OGg&amp;feature=youtu.be\" target=\"_blank\">Bergthora och Myra galopperade fram och tillbaka d\u00e4r tillf\u00e4lle gavs<\/a>. Mel\u00f3dia fick fart n\u00e5gra steg som h\u00f6gst d\u00e5 och d\u00e5 sen blev det bara skritt resten. Det f\u00e5r jag \u00e4nd\u00e5 vara v\u00e4ldigt n\u00f6jd med. Hon \u00e4r s\u00e5 duktig Mel\u00f3dia. Trots att hon helst av allt bara vill \u00e4ta&#8230;<\/p>\n<p style=\"text-align: center;\"><a href=\"https:\/\/haargaard.se\/wp-content\/uploads\/2016\/02\/IMG_80411.jpg\"><img loading=\"lazy\" class=\"alignnone size-medium wp-image-7344\" alt=\"IMG_8041[1]\" src=\"https:\/\/haargaard.se\/wp-content\/uploads\/2016\/02\/IMG_80411-300x225.jpg\" width=\"300\" height=\"225\" srcset=\"https:\/\/haargaard.se\/wp-content\/uploads\/2016\/02\/IMG_80411-300x225.jpg 300w, https:\/\/haargaard.se\/wp-content\/uploads\/2016\/02\/IMG_80411-1024x768.jpg 1024w\" sizes=\"(max-width: 300px) 100vw, 300px\" \/><\/a> <a href=\"https:\/\/haargaard.se\/wp-content\/uploads\/2016\/02\/IMG_80441.jpg\"><img loading=\"lazy\" class=\"alignnone size-medium wp-image-7345\" alt=\"IMG_8044[1]\" src=\"https:\/\/haargaard.se\/wp-content\/uploads\/2016\/02\/IMG_80441-300x225.jpg\" width=\"300\" height=\"225\" srcset=\"https:\/\/haargaard.se\/wp-content\/uploads\/2016\/02\/IMG_80441-300x225.jpg 300w, https:\/\/haargaard.se\/wp-content\/uploads\/2016\/02\/IMG_80441-1024x768.jpg 1024w\" sizes=\"(max-width: 300px) 100vw, 300px\" \/><\/a> <a href=\"https:\/\/haargaard.se\/wp-content\/uploads\/2016\/02\/IMG_80451.jpg\"><img loading=\"lazy\" class=\"alignnone size-medium wp-image-7346\" alt=\"IMG_8045[1]\" src=\"https:\/\/haargaard.se\/wp-content\/uploads\/2016\/02\/IMG_80451-300x225.jpg\" width=\"300\" height=\"225\" srcset=\"https:\/\/haargaard.se\/wp-content\/uploads\/2016\/02\/IMG_80451-300x225.jpg 300w, https:\/\/haargaard.se\/wp-content\/uploads\/2016\/02\/IMG_80451-1024x768.jpg 1024w\" sizes=\"(max-width: 300px) 100vw, 300px\" \/><\/a> <a href=\"https:\/\/haargaard.se\/wp-content\/uploads\/2016\/02\/IMG_80531.jpg\"><img loading=\"lazy\" class=\"alignnone size-medium wp-image-7347\" alt=\"IMG_8053[1]\" src=\"https:\/\/haargaard.se\/wp-content\/uploads\/2016\/02\/IMG_80531-300x225.jpg\" width=\"300\" height=\"225\" srcset=\"https:\/\/haargaard.se\/wp-content\/uploads\/2016\/02\/IMG_80531-300x225.jpg 300w, https:\/\/haargaard.se\/wp-content\/uploads\/2016\/02\/IMG_80531-1024x768.jpg 1024w\" sizes=\"(max-width: 300px) 100vw, 300px\" \/><\/a><\/p>\n<p style=\"text-align: center;\">V\u00e4lkomstkommitt\u00e9n st\u00e5r och v\u00e4ntar n\u00e4r vi kommer hem igen.<\/p>\n<p style=\"text-align: center;\"><a href=\"https:\/\/haargaard.se\/wp-content\/uploads\/2016\/02\/IMG_80581.jpg\"><img loading=\"lazy\" class=\"alignnone size-medium wp-image-7348\" alt=\"IMG_8058[1]\" src=\"https:\/\/haargaard.se\/wp-content\/uploads\/2016\/02\/IMG_80581-300x225.jpg\" width=\"300\" height=\"225\" srcset=\"https:\/\/haargaard.se\/wp-content\/uploads\/2016\/02\/IMG_80581-300x225.jpg 300w, https:\/\/haargaard.se\/wp-content\/uploads\/2016\/02\/IMG_80581-1024x768.jpg 1024w\" sizes=\"(max-width: 300px) 100vw, 300px\" \/><\/a><\/p>\n<p style=\"text-align: center;\">\n","protected":false},"excerpt":{"rendered":"<p>En ridtur p\u00e5 Mel\u00f3dia tillsammans med grannt\u00f6sen Myra p\u00e5 Bergthora. Valde en f\u00f6r Mel\u00f3dia ny runda som \u00e4r lite l\u00e4ngre \u00e4n \u00e5snerundan som vi oftast rider. Mel\u00f3dia var s\u00e5 stabil trots att det var en alldeles ny v\u00e4g som hon &hellip; <a href=\"https:\/\/haargaard.se\/?p=7343\">Continue reading <span class=\"meta-nav\">&rarr;<\/span><\/a><\/p>\n","protected":false},"author":1,"featured_media":0,"comment_status":"open","ping_status":"open","sticky":false,"template":"","format":"standard","meta":{"spay_email":"","jetpack_publicize_message":"","jetpack_is_tweetstorm":false,"jetpack_publicize_feature_enabled":true},"categories":[11],"tags":[615,674],"jetpack_featured_media_url":"","jetpack_publicize_connections":[],"jetpack_sharing_enabled":true,"jetpack_shortlink":"https:\/\/wp.me\/p41RA4-1Ur","_links":{"self":[{"href":"https:\/\/haargaard.se\/index.php?rest_route=\/wp\/v2\/posts\/7343"}],"collection":[{"href":"https:\/\/haargaard.se\/index.php?rest_route=\/wp\/v2\/posts"}],"about":[{"href":"https:\/\/haargaard.se\/index.php?rest_route=\/wp\/v2\/types\/post"}],"author":[{"embeddable":true,"href":"https:\/\/haargaard.se\/index.php?rest_route=\/wp\/v2\/users\/1"}],"replies":[{"embeddable":true,"href":"https:\/\/haargaard.se\/index.php?rest_route=%2Fwp%2Fv2%2Fcomments&post=7343"}],"version-history":[{"count":2,"href":"https:\/\/haargaard.se\/index.php?rest_route=\/wp\/v2\/posts\/7343\/revisions"}],"predecessor-version":[{"id":7350,"href":"https:\/\/haargaard.se\/index.php?rest_route=\/wp\/v2\/posts\/7343\/revisions\/7350"}],"wp:attachment":[{"href":"https:\/\/haargaard.se\/index.php?rest_route=%2Fwp%2Fv2%2Fmedia&parent=7343"}],"wp:term":[{"taxonomy":"category","embeddable":true,"href":"https:\/\/haargaard.se\/index.php?rest_route=%2Fwp%2Fv2%2Fcategories&post=7343"},{"taxonomy":"post_tag","embeddable":true,"href":"https:\/\/haargaard.se\/index.php?rest_route=%2Fwp%2Fv2%2Ftags&post=7343"}],"curies":[{"name":"wp","href":"https:\/\/api.w.org\/{rel}","templated":true}]}}