{"id":72,"date":"2013-07-06T23:05:00","date_gmt":"2013-07-06T21:05:00","guid":{"rendered":"http:\/\/haargaard.se\/?p=72"},"modified":"2013-07-06T23:05:00","modified_gmt":"2013-07-06T21:05:00","slug":"gyllene-tider-premiarkonserten-i-halmstad","status":"publish","type":"post","link":"https:\/\/haargaard.se\/?p=72","title":{"rendered":"Gyllene Tider &#8211; Premi\u00e4rkonserten i Halmstad"},"content":{"rendered":"<div>Inte f\u00f6r att jag egentligen \u00e4r n\u00e5got stort fan men hakade p\u00e5 ett biljettk\u00f6p och fick med mig trevligt s\u00e4llskap till g\u00e5rdagens premi\u00e4rkonsert f\u00f6r Gyllene Tiders sommarturn\u00e9 <i>Dags att t\u00e4nka p\u00e5 refr\u00e4ngen.<\/i>\u00a0Har vad jag kan komma ih\u00e5g aldrig lyssnat igenom en hel platta med Gyllene Tider eller sett dem upptr\u00e4da. D\u00e4remot sitter varenda radiohit som en sm\u00e4ck i refr\u00e4ngen. De har liksom funnits med genom \u00e5ren, s\u00e5 det k\u00e4ndes kul att f\u00e5 se dem live.<\/div>\n<div><\/div>\n<div><a href=\"http:\/\/2.bp.blogspot.com\/-P36ImQ2SfHo\/Udh_BZsZM4I\/AAAAAAAAoUE\/Gi6WNU_N5Z4\/s1600\/IMG_1562%5B1%5D.JPG\" imageanchor=\"1\"><img loading=\"lazy\" border=\"0\" height=\"240\" src=\"http:\/\/2.bp.blogspot.com\/-P36ImQ2SfHo\/Udh_BZsZM4I\/AAAAAAAAoUE\/Gi6WNU_N5Z4\/s320\/IMG_1562%5B1%5D.JPG\" width=\"320\"><\/a><\/div>\n<div><\/div>\n<div>F\u00f6rband var Linnea Henriksson. Hon var nog uppe i det bl\u00e5 n\u00e4r hon best\u00e4mde scenkl\u00e4derna men jag gillar henne. Tyv\u00e4rr dr\u00e4nkte musiken mycket eller t o m det mesta av s\u00e5ngen. Tr\u00e5kigt f\u00f6r jag hade g\u00e4rna h\u00f6rt texterna. Det k\u00e4nns som att hon har t\u00e4nkt en del innan hon s\u00e4tter orden p\u00e5 pr\u00e4nt. I vilket fall som helst verkar hon vara en mycket sympatisk person s\u00e5 det ska bli sp\u00e4nnande att lyssna mer p\u00e5 henne fram\u00f6ver.<\/div>\n<p><\/p>\n<div><a href=\"http:\/\/1.bp.blogspot.com\/-uWBWBIs_524\/Udh_8QFpTJI\/AAAAAAAAoUU\/xI4y1A7Hn6o\/s1600\/IMG_1565%5B1%5D.JPG\" imageanchor=\"1\"><img loading=\"lazy\" border=\"0\" height=\"240\" src=\"http:\/\/1.bp.blogspot.com\/-uWBWBIs_524\/Udh_8QFpTJI\/AAAAAAAAoUU\/xI4y1A7Hn6o\/s320\/IMG_1565%5B1%5D.JPG\" width=\"320\"><\/a><\/div>\n<div><\/div>\n<div>S\u00e5 kom huvudattraktionen Gyllene Tider upp p\u00e5 scen och k\u00f6rde s\u00e5 det r\u00f6k. S\u00e5g ut som att de trivdes, hade roligt och bj\u00f6d p\u00e5 sig sj\u00e4lva. En mycket blandad publik, det \u00e4r roligt n\u00e4r musik kan sp\u00e4nna \u00f6ver generationer. Bra drag genom hela konserten. De bj\u00f6d p\u00e5 en mix fr\u00e5n hela karri\u00e4ren.<\/div>\n<p><\/p>\n<div><a href=\"http:\/\/2.bp.blogspot.com\/-e_bhqcKicrE\/UdiAFcDvD0I\/AAAAAAAAoUc\/5xBVSHMLixY\/s1600\/IMG_1569%5B1%5D.JPG\" imageanchor=\"1\"><img loading=\"lazy\" border=\"0\" height=\"240\" src=\"http:\/\/2.bp.blogspot.com\/-e_bhqcKicrE\/UdiAFcDvD0I\/AAAAAAAAoUc\/5xBVSHMLixY\/s320\/IMG_1569%5B1%5D.JPG\" width=\"320\"><\/a><\/div>\n<p><\/p>\n<div><a href=\"http:\/\/4.bp.blogspot.com\/-ZMFD6lxLF50\/UdiAfx-AiOI\/AAAAAAAAoUs\/Pxkt-YTbhOc\/s1600\/IMG_1572%5B1%5D.JPG\" imageanchor=\"1\"><img loading=\"lazy\" border=\"0\" height=\"240\" src=\"http:\/\/4.bp.blogspot.com\/-ZMFD6lxLF50\/UdiAfx-AiOI\/AAAAAAAAoUs\/Pxkt-YTbhOc\/s320\/IMG_1572%5B1%5D.JPG\" width=\"320\"><\/a><\/div>\n<p><\/p>\n<div><a href=\"http:\/\/1.bp.blogspot.com\/-tnFOno3Uyz0\/UdiAwVIlD_I\/AAAAAAAAoU0\/QcoIBdc1FRs\/s1600\/IMG_1573%5B1%5D.JPG\" imageanchor=\"1\"><img loading=\"lazy\" border=\"0\" height=\"240\" src=\"http:\/\/1.bp.blogspot.com\/-tnFOno3Uyz0\/UdiAwVIlD_I\/AAAAAAAAoU0\/QcoIBdc1FRs\/s320\/IMG_1573%5B1%5D.JPG\" width=\"320\"><\/a><\/div>\n<div><\/div>\n<div>N\u00e4r de drog loss med <i>Sommartider<\/i> brakade det l\u00f6s i publikhavet.<\/div>\n<p><\/p>\n<div><a href=\"http:\/\/3.bp.blogspot.com\/-6ctevqRBLec\/UdiA4AIkcDI\/AAAAAAAAoU8\/Dqc0wtqQk9Y\/s1600\/IMG_1575%5B1%5D.JPG\" imageanchor=\"1\"><img loading=\"lazy\" border=\"0\" height=\"240\" src=\"http:\/\/3.bp.blogspot.com\/-6ctevqRBLec\/UdiA4AIkcDI\/AAAAAAAAoU8\/Dqc0wtqQk9Y\/s320\/IMG_1575%5B1%5D.JPG\" width=\"320\"><\/a><\/div>\n<p><\/p>\n<div><a href=\"http:\/\/3.bp.blogspot.com\/-UQBrk7u3w7Q\/UdiA8PdHurI\/AAAAAAAAoVE\/HmZ1VTsk6I0\/s1600\/IMG_1576%5B1%5D.JPG\" imageanchor=\"1\"><img loading=\"lazy\" border=\"0\" height=\"240\" src=\"http:\/\/3.bp.blogspot.com\/-UQBrk7u3w7Q\/UdiA8PdHurI\/AAAAAAAAoVE\/HmZ1VTsk6I0\/s320\/IMG_1576%5B1%5D.JPG\" width=\"320\"><\/a><\/div>\n<div><\/div>\n<div>Det hela avslutades med ett fyrverkeri av det maffigare slaget. Nu \u00e4r jag i o f s inte speciellt f\u00f6rtjust i fyrverkerier&#8230;<\/div>\n<p><\/p>\n<div><a href=\"http:\/\/3.bp.blogspot.com\/-stDT2XzWMeY\/UdiBFHYbTkI\/AAAAAAAAoVM\/uyDlVnLxeLs\/s1600\/IMG_1577%5B1%5D.JPG\" imageanchor=\"1\"><img loading=\"lazy\" border=\"0\" height=\"240\" src=\"http:\/\/3.bp.blogspot.com\/-stDT2XzWMeY\/UdiBFHYbTkI\/AAAAAAAAoVM\/uyDlVnLxeLs\/s320\/IMG_1577%5B1%5D.JPG\" width=\"320\"><\/a><\/div>\n<div><\/div>\n<div>Det \u00e4r alltid kul att g\u00e5 p\u00e5 konsert. Det \u00e4r n\u00e5got speciellt med livemusik. Det \u00e4r bra f\u00f6r sj\u00e4len. S\u00e5, \u00e4r jag en nyfr\u00e4lst Gyllene Tiderfan nu..? \u00a0Njae, jag forts\u00e4tter nog som jag gjort hittills, sjunger med falskt i bilen i refr\u00e4ngerna&#8230;<\/div>\n<div><\/div>\n<div>Tack f\u00f6r hj\u00e4lpen med biljetter Sussi och tack f\u00f6r trevligt s\u00e4llskap Jeanette och Calle!<\/div>\n","protected":false},"excerpt":{"rendered":"<p>Inte f\u00f6r att jag egentligen \u00e4r n\u00e5got stort fan men hakade p\u00e5 ett biljettk\u00f6p och fick med mig trevligt s\u00e4llskap till g\u00e5rdagens premi\u00e4rkonsert f\u00f6r Gyllene Tiders sommarturn\u00e9 Dags att t\u00e4nka p\u00e5 refr\u00e4ngen.\u00a0Har vad jag kan komma ih\u00e5g aldrig lyssnat igenom &hellip; <a href=\"https:\/\/haargaard.se\/?p=72\">Continue reading <span class=\"meta-nav\">&rarr;<\/span><\/a><\/p>\n","protected":false},"author":1,"featured_media":0,"comment_status":"open","ping_status":"open","sticky":false,"template":"","format":"standard","meta":{"spay_email":"","jetpack_publicize_message":"","jetpack_is_tweetstorm":false,"jetpack_publicize_feature_enabled":true},"categories":[1],"tags":[],"jetpack_featured_media_url":"","jetpack_publicize_connections":[],"jetpack_sharing_enabled":true,"jetpack_shortlink":"https:\/\/wp.me\/p41RA4-1a","_links":{"self":[{"href":"https:\/\/haargaard.se\/index.php?rest_route=\/wp\/v2\/posts\/72"}],"collection":[{"href":"https:\/\/haargaard.se\/index.php?rest_route=\/wp\/v2\/posts"}],"about":[{"href":"https:\/\/haargaard.se\/index.php?rest_route=\/wp\/v2\/types\/post"}],"author":[{"embeddable":true,"href":"https:\/\/haargaard.se\/index.php?rest_route=\/wp\/v2\/users\/1"}],"replies":[{"embeddable":true,"href":"https:\/\/haargaard.se\/index.php?rest_route=%2Fwp%2Fv2%2Fcomments&post=72"}],"version-history":[{"count":0,"href":"https:\/\/haargaard.se\/index.php?rest_route=\/wp\/v2\/posts\/72\/revisions"}],"wp:attachment":[{"href":"https:\/\/haargaard.se\/index.php?rest_route=%2Fwp%2Fv2%2Fmedia&parent=72"}],"wp:term":[{"taxonomy":"category","embeddable":true,"href":"https:\/\/haargaard.se\/index.php?rest_route=%2Fwp%2Fv2%2Fcategories&post=72"},{"taxonomy":"post_tag","embeddable":true,"href":"https:\/\/haargaard.se\/index.php?rest_route=%2Fwp%2Fv2%2Ftags&post=72"}],"curies":[{"name":"wp","href":"https:\/\/api.w.org\/{rel}","templated":true}]}}