{"id":6812,"date":"2015-12-19T22:43:51","date_gmt":"2015-12-19T20:43:51","guid":{"rendered":"http:\/\/haargaard.se\/?p=6812"},"modified":"2015-12-19T22:43:51","modified_gmt":"2015-12-19T20:43:51","slug":"framtung-julgran","status":"publish","type":"post","link":"https:\/\/haargaard.se\/?p=6812","title":{"rendered":"Framtung julgran"},"content":{"rendered":"<p style=\"text-align: center;\">F\u00f6rs\u00f6kte slippa julgran i \u00e5r men 11an ville minsann att vi skulle ha en n\u00e4r han hade funderat en stund. Det \u00e4r bra. Jag tycker egentligen om det d\u00e4r med julgran jag med n\u00e4r den v\u00e4l st\u00e5r d\u00e4r i vardagsrummet.<\/p>\n<p style=\"text-align: center;\"><a href=\"https:\/\/haargaard.se\/wp-content\/uploads\/2015\/12\/IMG_66221-e1450557289948.jpg\"><img loading=\"lazy\" class=\"alignnone size-medium wp-image-6813\" alt=\"IMG_6622[1]\" src=\"https:\/\/haargaard.se\/wp-content\/uploads\/2015\/12\/IMG_66221-e1450557289948-225x300.jpg\" width=\"225\" height=\"300\" srcset=\"https:\/\/haargaard.se\/wp-content\/uploads\/2015\/12\/IMG_66221-e1450557289948-225x300.jpg 225w, https:\/\/haargaard.se\/wp-content\/uploads\/2015\/12\/IMG_66221-e1450557289948-768x1024.jpg 768w\" sizes=\"(max-width: 225px) 100vw, 225px\" \/><\/a><\/p>\n<p style=\"text-align: center;\">Idag blev det s\u00e5 dags att f\u00f6rs\u00f6ka hinna med det d\u00e4r att handla julgran. F\u00f6rs\u00f6kte f\u00e5 med 11an mitt p\u00e5 dagen men sen blev det l\u00f6pning med hundarna och h\u00e4sttr\u00e4ning. S\u00e5 var det som vanligt m\u00f6rkt n\u00e4r vi v\u00e4l kom iv\u00e4g f\u00f6r att k\u00f6pa den d\u00e4r julgranen. Det \u00e4r inte mycket till ljus d\u00e4r granarna st\u00e5r. Som vanligt kom vi hem med en som vi kanske inte hade kommit hem med om det hade varit dagsljus. Men det har p\u00e5 n\u00e5got s\u00e4tt blivit tradition det d\u00e4r med granar som l\u00e4mnar en del \u00f6vrigt att \u00f6nska n\u00e4r vi v\u00e4l kommer hem och st\u00e4ller den i julgransfoten&#8230; <a href=\"https:\/\/haargaard.se\/?p=4462\" target=\"_blank\">F\u00f6rra \u00e5ret var det en julgran p\u00e5 sniskan<\/a>. I \u00e5r var den synnerligen framtung \u00e5t en sida. Trots en julgransfot i smide som \u00e4r tung fick det bli en n\u00f6dl\u00f6sning&#8230; man tager vad man haver. Sprang raskt ut och h\u00e4mtade en stor sten. Nu sjuttsiken ska den v\u00e4l st\u00e5 stadigt den d\u00e4r granen.\u00a0 \ud83d\ude42<\/p>\n<p style=\"text-align: center;\"><a href=\"https:\/\/haargaard.se\/wp-content\/uploads\/2015\/12\/IMG_66261.jpg\"><img loading=\"lazy\" class=\"alignnone size-medium wp-image-6814\" alt=\"IMG_6626[1]\" src=\"https:\/\/haargaard.se\/wp-content\/uploads\/2015\/12\/IMG_66261-300x225.jpg\" width=\"300\" height=\"225\" srcset=\"https:\/\/haargaard.se\/wp-content\/uploads\/2015\/12\/IMG_66261-300x225.jpg 300w, https:\/\/haargaard.se\/wp-content\/uploads\/2015\/12\/IMG_66261-1024x768.jpg 1024w\" sizes=\"(max-width: 300px) 100vw, 300px\" \/><\/a><\/p>\n","protected":false},"excerpt":{"rendered":"<p>F\u00f6rs\u00f6kte slippa julgran i \u00e5r men 11an ville minsann att vi skulle ha en n\u00e4r han hade funderat en stund. Det \u00e4r bra. Jag tycker egentligen om det d\u00e4r med julgran jag med n\u00e4r den v\u00e4l st\u00e5r d\u00e4r i vardagsrummet. &hellip; <a href=\"https:\/\/haargaard.se\/?p=6812\">Continue reading <span class=\"meta-nav\">&rarr;<\/span><\/a><\/p>\n","protected":false},"author":1,"featured_media":0,"comment_status":"open","ping_status":"open","sticky":false,"template":"","format":"standard","meta":{"spay_email":"","jetpack_publicize_message":"","jetpack_is_tweetstorm":false,"jetpack_publicize_feature_enabled":true},"categories":[1],"tags":[],"jetpack_featured_media_url":"","jetpack_publicize_connections":[],"jetpack_sharing_enabled":true,"jetpack_shortlink":"https:\/\/wp.me\/p41RA4-1LS","_links":{"self":[{"href":"https:\/\/haargaard.se\/index.php?rest_route=\/wp\/v2\/posts\/6812"}],"collection":[{"href":"https:\/\/haargaard.se\/index.php?rest_route=\/wp\/v2\/posts"}],"about":[{"href":"https:\/\/haargaard.se\/index.php?rest_route=\/wp\/v2\/types\/post"}],"author":[{"embeddable":true,"href":"https:\/\/haargaard.se\/index.php?rest_route=\/wp\/v2\/users\/1"}],"replies":[{"embeddable":true,"href":"https:\/\/haargaard.se\/index.php?rest_route=%2Fwp%2Fv2%2Fcomments&post=6812"}],"version-history":[{"count":1,"href":"https:\/\/haargaard.se\/index.php?rest_route=\/wp\/v2\/posts\/6812\/revisions"}],"predecessor-version":[{"id":6815,"href":"https:\/\/haargaard.se\/index.php?rest_route=\/wp\/v2\/posts\/6812\/revisions\/6815"}],"wp:attachment":[{"href":"https:\/\/haargaard.se\/index.php?rest_route=%2Fwp%2Fv2%2Fmedia&parent=6812"}],"wp:term":[{"taxonomy":"category","embeddable":true,"href":"https:\/\/haargaard.se\/index.php?rest_route=%2Fwp%2Fv2%2Fcategories&post=6812"},{"taxonomy":"post_tag","embeddable":true,"href":"https:\/\/haargaard.se\/index.php?rest_route=%2Fwp%2Fv2%2Ftags&post=6812"}],"curies":[{"name":"wp","href":"https:\/\/api.w.org\/{rel}","templated":true}]}}