{"id":6790,"date":"2015-12-19T00:37:39","date_gmt":"2015-12-18T22:37:39","guid":{"rendered":"http:\/\/haargaard.se\/?p=6790"},"modified":"2015-12-19T00:37:39","modified_gmt":"2015-12-18T22:37:39","slug":"konstellationerna-andras","status":"publish","type":"post","link":"https:\/\/haargaard.se\/?p=6790","title":{"rendered":"Konstellationerna \u00e4ndras"},"content":{"rendered":"<p style=\"text-align: center;\">S\u00e5 sk\u00f6nt att det lugnar sig relativt snabbt n\u00e4r det kommer nytillskott i flocken. Det \u00e4r lite uppdelat i sm\u00e5flockar men de byts om hur de h\u00e4nger. Vid hemkomsten i eftermiddags stod Audna, Maja och Birkir och \u00e5t h\u00f6silage. Resten av isl\u00e4nningarna stod i nedre hagen och Ragge hade precis f\u00e5tt sin foderdos.<\/p>\n<p style=\"text-align: center;\"><a href=\"https:\/\/haargaard.se\/wp-content\/uploads\/2015\/12\/IMG_65711.jpg\"><img loading=\"lazy\" class=\"alignnone size-medium wp-image-6791\" alt=\"IMG_6571[1]\" src=\"https:\/\/haargaard.se\/wp-content\/uploads\/2015\/12\/IMG_65711-300x225.jpg\" width=\"300\" height=\"225\" srcset=\"https:\/\/haargaard.se\/wp-content\/uploads\/2015\/12\/IMG_65711-300x225.jpg 300w, https:\/\/haargaard.se\/wp-content\/uploads\/2015\/12\/IMG_65711-1024x768.jpg 1024w\" sizes=\"(max-width: 300px) 100vw, 300px\" \/><\/a> <a href=\"https:\/\/haargaard.se\/wp-content\/uploads\/2015\/12\/IMG_65671.jpg\"><img loading=\"lazy\" class=\"alignnone size-medium wp-image-6792\" alt=\"IMG_6567[1]\" src=\"https:\/\/haargaard.se\/wp-content\/uploads\/2015\/12\/IMG_65671-300x225.jpg\" width=\"300\" height=\"225\" srcset=\"https:\/\/haargaard.se\/wp-content\/uploads\/2015\/12\/IMG_65671-300x225.jpg 300w, https:\/\/haargaard.se\/wp-content\/uploads\/2015\/12\/IMG_65671-1024x768.jpg 1024w\" sizes=\"(max-width: 300px) 100vw, 300px\" \/><\/a><\/p>\n<p style=\"text-align: center;\">P\u00e5 kv\u00e4llen n\u00e4r Audna skulle f\u00e5 sista dosen sm\u00e4rtstillande var det omf\u00f6rdelat. D\u00e5 stod alla tre tanterna och \u00e5t tillsammans. Mycket bra! Resten h\u00e4ngde i \u00f6vre hagen.<\/p>\n<p style=\"text-align: center;\"><a href=\"https:\/\/haargaard.se\/wp-content\/uploads\/2015\/12\/IMG_65821.jpg\"><img loading=\"lazy\" class=\"alignnone size-medium wp-image-6793\" alt=\"IMG_6582[1]\" src=\"https:\/\/haargaard.se\/wp-content\/uploads\/2015\/12\/IMG_65821-300x225.jpg\" width=\"300\" height=\"225\" srcset=\"https:\/\/haargaard.se\/wp-content\/uploads\/2015\/12\/IMG_65821-300x225.jpg 300w, https:\/\/haargaard.se\/wp-content\/uploads\/2015\/12\/IMG_65821-1024x768.jpg 1024w\" sizes=\"(max-width: 300px) 100vw, 300px\" \/><\/a><\/p>\n<p style=\"text-align: center;\">\n<p style=\"text-align: center;\">Lillskruttan Audna verkar ha repat sig bra. Bara att h\u00e5lla tummarna f\u00f6r att det h\u00e5ller i sig \u00e4ven n\u00e4r hon inte fylls p\u00e5 med mer sm\u00e4rtstillande&#8230;<\/p>\n<p style=\"text-align: center;\"><a href=\"https:\/\/haargaard.se\/wp-content\/uploads\/2015\/12\/IMG_65961.jpg\"><img loading=\"lazy\" class=\"alignnone size-medium wp-image-6794\" alt=\"IMG_6596[1]\" src=\"https:\/\/haargaard.se\/wp-content\/uploads\/2015\/12\/IMG_65961-300x225.jpg\" width=\"300\" height=\"225\" srcset=\"https:\/\/haargaard.se\/wp-content\/uploads\/2015\/12\/IMG_65961-300x225.jpg 300w, https:\/\/haargaard.se\/wp-content\/uploads\/2015\/12\/IMG_65961-1024x768.jpg 1024w\" sizes=\"(max-width: 300px) 100vw, 300px\" \/><\/a> <a href=\"https:\/\/haargaard.se\/wp-content\/uploads\/2015\/12\/IMG_65901.jpg\"><img loading=\"lazy\" class=\"alignnone size-medium wp-image-6795\" alt=\"IMG_6590[1]\" src=\"https:\/\/haargaard.se\/wp-content\/uploads\/2015\/12\/IMG_65901-300x225.jpg\" width=\"300\" height=\"225\" srcset=\"https:\/\/haargaard.se\/wp-content\/uploads\/2015\/12\/IMG_65901-300x225.jpg 300w, https:\/\/haargaard.se\/wp-content\/uploads\/2015\/12\/IMG_65901-1024x768.jpg 1024w\" sizes=\"(max-width: 300px) 100vw, 300px\" \/><\/a><\/p>\n","protected":false},"excerpt":{"rendered":"<p>S\u00e5 sk\u00f6nt att det lugnar sig relativt snabbt n\u00e4r det kommer nytillskott i flocken. Det \u00e4r lite uppdelat i sm\u00e5flockar men de byts om hur de h\u00e4nger. Vid hemkomsten i eftermiddags stod Audna, Maja och Birkir och \u00e5t h\u00f6silage. Resten &hellip; <a href=\"https:\/\/haargaard.se\/?p=6790\">Continue reading <span class=\"meta-nav\">&rarr;<\/span><\/a><\/p>\n","protected":false},"author":1,"featured_media":0,"comment_status":"open","ping_status":"open","sticky":false,"template":"","format":"standard","meta":{"spay_email":"","jetpack_publicize_message":"","jetpack_is_tweetstorm":false,"jetpack_publicize_feature_enabled":true},"categories":[11,625],"tags":[674,704],"jetpack_featured_media_url":"","jetpack_publicize_connections":[],"jetpack_sharing_enabled":true,"jetpack_shortlink":"https:\/\/wp.me\/p41RA4-1Lw","_links":{"self":[{"href":"https:\/\/haargaard.se\/index.php?rest_route=\/wp\/v2\/posts\/6790"}],"collection":[{"href":"https:\/\/haargaard.se\/index.php?rest_route=\/wp\/v2\/posts"}],"about":[{"href":"https:\/\/haargaard.se\/index.php?rest_route=\/wp\/v2\/types\/post"}],"author":[{"embeddable":true,"href":"https:\/\/haargaard.se\/index.php?rest_route=\/wp\/v2\/users\/1"}],"replies":[{"embeddable":true,"href":"https:\/\/haargaard.se\/index.php?rest_route=%2Fwp%2Fv2%2Fcomments&post=6790"}],"version-history":[{"count":1,"href":"https:\/\/haargaard.se\/index.php?rest_route=\/wp\/v2\/posts\/6790\/revisions"}],"predecessor-version":[{"id":6796,"href":"https:\/\/haargaard.se\/index.php?rest_route=\/wp\/v2\/posts\/6790\/revisions\/6796"}],"wp:attachment":[{"href":"https:\/\/haargaard.se\/index.php?rest_route=%2Fwp%2Fv2%2Fmedia&parent=6790"}],"wp:term":[{"taxonomy":"category","embeddable":true,"href":"https:\/\/haargaard.se\/index.php?rest_route=%2Fwp%2Fv2%2Fcategories&post=6790"},{"taxonomy":"post_tag","embeddable":true,"href":"https:\/\/haargaard.se\/index.php?rest_route=%2Fwp%2Fv2%2Ftags&post=6790"}],"curies":[{"name":"wp","href":"https:\/\/api.w.org\/{rel}","templated":true}]}}