{"id":66,"date":"2013-07-11T23:49:00","date_gmt":"2013-07-11T21:49:00","guid":{"rendered":"http:\/\/haargaard.se\/?p=66"},"modified":"2013-07-11T23:49:00","modified_gmt":"2013-07-11T21:49:00","slug":"framgravning-varmekulvert","status":"publish","type":"post","link":"https:\/\/haargaard.se\/?p=66","title":{"rendered":"Framgr\u00e4vning v\u00e4rmekulvert"},"content":{"rendered":"<div>En underbar sommardag idag. Hundarna tyckte det var varmt s\u00e5 de slocknade i skuggan&#8230;<\/div>\n<div><\/div>\n<div><a href=\"http:\/\/1.bp.blogspot.com\/-tkWvZQ8YxlM\/Ud8j66QmJXI\/AAAAAAAAotA\/wwUlw2pxGE8\/s1600\/IMG_1672%5B1%5D.JPG\" imageanchor=\"1\"><img loading=\"lazy\" border=\"0\" height=\"240\" src=\"http:\/\/1.bp.blogspot.com\/-tkWvZQ8YxlM\/Ud8j66QmJXI\/AAAAAAAAotA\/wwUlw2pxGE8\/s320\/IMG_1672%5B1%5D.JPG\" width=\"320\"><\/a><\/div>\n<div><\/div>\n<div>Idag var det dags att b\u00f6rja projekt gr\u00e4va fram v\u00e4rmekulverten. Nu ska den \u00e5tg\u00e4rdas s\u00e5 att det blir s\u00e5 bra som m\u00f6jligt till en inte alltf\u00f6r dyr peng. Gick \u00e5t n\u00e4stan tre g\u00e5nger s\u00e5 mycket pellets som en normalvilla i vintras. Nog f\u00f6r att huset \u00e4r ett dragh\u00e5l men riktigt s\u00e5 illa borde det inte vara. \u00c5tminstone inte nu n\u00e4r taket \u00e4r isolerat.<\/div>\n<p><\/p>\n<div><a href=\"http:\/\/4.bp.blogspot.com\/-WjiftuqKUds\/Ud8kAhRGqFI\/AAAAAAAAotI\/jTTOJ6g2u3g\/s1600\/IMG_1673%5B1%5D.JPG\" imageanchor=\"1\"><img loading=\"lazy\" border=\"0\" height=\"240\" src=\"http:\/\/4.bp.blogspot.com\/-WjiftuqKUds\/Ud8kAhRGqFI\/AAAAAAAAotI\/jTTOJ6g2u3g\/s320\/IMG_1673%5B1%5D.JPG\" width=\"320\"><\/a><\/div>\n<div><\/div>\n<div>Blev lite ledsen n\u00e4r n\u00e5gra ringblommor fick s\u00e4tta livet till. S\u00e5 kan det g\u00e5 n\u00e4r man v\u00e4ljer att fr\u00f6plantera sig i gr\u00e4smattan.<\/div>\n<p><\/p>\n<div><a href=\"http:\/\/2.bp.blogspot.com\/-OkftlJO8eC8\/Ud8kFq-yUfI\/AAAAAAAAotY\/uIbvtaj2xvk\/s1600\/IMG_1675%5B1%5D.JPG\" imageanchor=\"1\"><img loading=\"lazy\" border=\"0\" height=\"240\" src=\"http:\/\/2.bp.blogspot.com\/-OkftlJO8eC8\/Ud8kFq-yUfI\/AAAAAAAAotY\/uIbvtaj2xvk\/s320\/IMG_1675%5B1%5D.JPG\" width=\"320\"><\/a><a href=\"http:\/\/3.bp.blogspot.com\/-w8ZwX5tjJTA\/Ud8kDkTwEbI\/AAAAAAAAotQ\/WjC9sQfacpc\/s1600\/IMG_1674%5B1%5D.JPG\" imageanchor=\"1\"><img loading=\"lazy\" border=\"0\" height=\"320\" src=\"http:\/\/3.bp.blogspot.com\/-w8ZwX5tjJTA\/Ud8kDkTwEbI\/AAAAAAAAotQ\/WjC9sQfacpc\/s320\/IMG_1674%5B1%5D.JPG\" width=\"240\"><\/a><\/div>\n<p><\/p>\n<div>\u00a0Hade t\u00e4nkt f\u00f6rs\u00f6ka pallra mig ut p\u00e5 en springtur men det d\u00e4r med tungt kroppsarbete tar p\u00e5 krafterna.<\/div>\n<div><\/div>\n<div>Ungef\u00e4r 5 meter gr\u00e4vt, bara 25 m kvar&#8230; kommer v\u00e4l ha att g\u00f6ra hela sommaren. Det g\u00e5r r\u00e4tt snabbt i o f s men det \u00e4r jobbigt s\u00e5 det g\u00e5r inte att gr\u00e4va s\u00e5 l\u00e5nga stunder i taget.<\/div>\n<div><\/div>\n<div>Fr\u00e5gan \u00e4r vad jag ska hitta p\u00e5 f\u00f6r \u00e5tg\u00e4rder:<\/div>\n<div>R\u00e4cker det att b\u00e4dda in de tv\u00e5 befintliga kulvertarna med isolering? De ligger bara ca 50-55 cm djupt.<\/div>\n<div>M\u00e5ste jag l\u00e4gga ny kulvert p\u00e5 minst 1 m djup f\u00f6r att komma tj\u00e4lfritt?<\/div>\n<div>Vad blir b\u00e4sta l\u00f6sningen f\u00f6r styrning av cirkulationspumpen?<\/div>\n<div><\/div>\n<div>I vilket fall som helst ska jag l\u00e4gga ner ett r\u00f6r f\u00f6r kabeldragning n\u00e4r det \u00e4nd\u00e5 \u00e4r uppgr\u00e4vt.<\/div>\n<p><\/p>\n<div><a href=\"http:\/\/2.bp.blogspot.com\/-GrJ2w2cj7tA\/Ud8kO6smarI\/AAAAAAAAotg\/lTGpvhOe860\/s1600\/IMG_1677%5B1%5D.JPG\" imageanchor=\"1\"><img loading=\"lazy\" border=\"0\" height=\"320\" src=\"http:\/\/2.bp.blogspot.com\/-GrJ2w2cj7tA\/Ud8kO6smarI\/AAAAAAAAotg\/lTGpvhOe860\/s320\/IMG_1677%5B1%5D.JPG\" width=\"240\"><\/a><\/div>\n<div><\/div>\n<div>\u00c4nda mot \u00e4nda kan ingenting h\u00e4nda&#8230; \ud83d\ude42<\/div>\n<p><\/p>\n<div><a href=\"http:\/\/3.bp.blogspot.com\/-V4LyZIqEjGw\/Ud8kV9q3YVI\/AAAAAAAAoto\/PJHHuQIGJBk\/s1600\/IMG_1681%5B1%5D.JPG\" imageanchor=\"1\"><img loading=\"lazy\" border=\"0\" height=\"240\" src=\"http:\/\/3.bp.blogspot.com\/-V4LyZIqEjGw\/Ud8kV9q3YVI\/AAAAAAAAoto\/PJHHuQIGJBk\/s320\/IMG_1681%5B1%5D.JPG\" width=\"320\"><\/a><\/div>\n<p><\/p>\n","protected":false},"excerpt":{"rendered":"<p>En underbar sommardag idag. Hundarna tyckte det var varmt s\u00e5 de slocknade i skuggan&#8230; Idag var det dags att b\u00f6rja projekt gr\u00e4va fram v\u00e4rmekulverten. Nu ska den \u00e5tg\u00e4rdas s\u00e5 att det blir s\u00e5 bra som m\u00f6jligt till en inte alltf\u00f6r &hellip; <a href=\"https:\/\/haargaard.se\/?p=66\">Continue reading <span class=\"meta-nav\">&rarr;<\/span><\/a><\/p>\n","protected":false},"author":1,"featured_media":0,"comment_status":"open","ping_status":"open","sticky":false,"template":"","format":"standard","meta":{"spay_email":"","jetpack_publicize_message":"","jetpack_is_tweetstorm":false,"jetpack_publicize_feature_enabled":true},"categories":[10],"tags":[],"jetpack_featured_media_url":"","jetpack_publicize_connections":[],"jetpack_sharing_enabled":true,"jetpack_shortlink":"https:\/\/wp.me\/p41RA4-14","_links":{"self":[{"href":"https:\/\/haargaard.se\/index.php?rest_route=\/wp\/v2\/posts\/66"}],"collection":[{"href":"https:\/\/haargaard.se\/index.php?rest_route=\/wp\/v2\/posts"}],"about":[{"href":"https:\/\/haargaard.se\/index.php?rest_route=\/wp\/v2\/types\/post"}],"author":[{"embeddable":true,"href":"https:\/\/haargaard.se\/index.php?rest_route=\/wp\/v2\/users\/1"}],"replies":[{"embeddable":true,"href":"https:\/\/haargaard.se\/index.php?rest_route=%2Fwp%2Fv2%2Fcomments&post=66"}],"version-history":[{"count":0,"href":"https:\/\/haargaard.se\/index.php?rest_route=\/wp\/v2\/posts\/66\/revisions"}],"wp:attachment":[{"href":"https:\/\/haargaard.se\/index.php?rest_route=%2Fwp%2Fv2%2Fmedia&parent=66"}],"wp:term":[{"taxonomy":"category","embeddable":true,"href":"https:\/\/haargaard.se\/index.php?rest_route=%2Fwp%2Fv2%2Fcategories&post=66"},{"taxonomy":"post_tag","embeddable":true,"href":"https:\/\/haargaard.se\/index.php?rest_route=%2Fwp%2Fv2%2Ftags&post=66"}],"curies":[{"name":"wp","href":"https:\/\/api.w.org\/{rel}","templated":true}]}}