{"id":6473,"date":"2015-11-08T17:54:02","date_gmt":"2015-11-08T15:54:02","guid":{"rendered":"http:\/\/haargaard.se\/?p=6473"},"modified":"2015-11-08T17:55:04","modified_gmt":"2015-11-08T15:55:04","slug":"stormen-freja-drog-forbi","status":"publish","type":"post","link":"https:\/\/haargaard.se\/?p=6473","title":{"rendered":"Stormen Freja drog f\u00f6rbi"},"content":{"rendered":"<p style=\"text-align: center;\">Sen stormen Gudrun for fram med kraft f\u00f6rbi rucklet har jag blivit r\u00e4tt nojjig f\u00f6r det d\u00e4r med stormar. Jag ger mig inte ut i on\u00f6dan n\u00e4r det ska friska p\u00e5 i vindbyarna utan f\u00f6rs\u00f6ker h\u00e5lla mig hemma. Skvallret gick ig\u00e5r kv\u00e4ll n\u00e4r jag var p\u00e5 50-\u00e5rskalas att det skulle bli storm under natten. S\u00e5 det var bara att kommendera ut 21an att hj\u00e4lpa till att plocka ner studsmattan d\u00e4r i m\u00f6rkret p\u00e5 natten n\u00e4r jag kom hem. Det gick bra. Vi b\u00f6rjar f\u00e5 bra rutin f\u00f6r det d\u00e4r att plocka ner studsmatta i panik f\u00f6r att det vankas storm. Fick bannor av 21an\u00a0 f\u00f6r att det alltid \u00e4r samma sak varje h\u00f6st&#8230; N\u00e5ja, nu \u00e4r den inplockad f\u00f6r vintern i alla fall.<\/p>\n<p style=\"text-align: center;\">Var ute och inspekterade \u00e4gorna i morse och det verkar inte vara s\u00e5 farlig \u00e5verkan. En st\u00e4ngselstolpe har g\u00e5tt av, fick h\u00e4mta en av h\u00e4starnas vattentunnor inne i tr\u00e4ddungen och tv\u00e5 tr\u00e4dg\u00e5rdsstolar har f\u00e5tt \u00e5ka lite storm. Hur i hela v\u00e4rlden kan vinden lyckas ta med sig tv\u00e5 tr\u00e4dg\u00e5rdsstolar i tr\u00e4..? Det kan v\u00e4l inte bli n\u00e5gon st\u00f6rre lyftkraft av de d\u00e4r ribborna i stolarna..? Jaja, p\u00e5 n\u00e5t vis har de tv\u00e5 stolarna flugit fr\u00e5n mitt emot soffan som stod kvar och lagt sig huller om buller med den vita tr\u00e4dg\u00e5rdssoffan som v\u00e4lt.<\/p>\n<p style=\"text-align: center;\"><a href=\"https:\/\/haargaard.se\/wp-content\/uploads\/2015\/11\/IMG_59621.jpg\"><img loading=\"lazy\" class=\"alignnone size-medium wp-image-6474\" alt=\"IMG_5962[1]\" src=\"https:\/\/haargaard.se\/wp-content\/uploads\/2015\/11\/IMG_59621-300x225.jpg\" width=\"300\" height=\"225\" srcset=\"https:\/\/haargaard.se\/wp-content\/uploads\/2015\/11\/IMG_59621-300x225.jpg 300w, https:\/\/haargaard.se\/wp-content\/uploads\/2015\/11\/IMG_59621-1024x768.jpg 1024w\" sizes=\"(max-width: 300px) 100vw, 300px\" \/><\/a> <a href=\"https:\/\/haargaard.se\/wp-content\/uploads\/2015\/11\/IMG_59611.jpg\"><img loading=\"lazy\" class=\"alignnone size-medium wp-image-6475\" alt=\"IMG_5961[1]\" src=\"https:\/\/haargaard.se\/wp-content\/uploads\/2015\/11\/IMG_59611-300x225.jpg\" width=\"300\" height=\"225\" srcset=\"https:\/\/haargaard.se\/wp-content\/uploads\/2015\/11\/IMG_59611-300x225.jpg 300w, https:\/\/haargaard.se\/wp-content\/uploads\/2015\/11\/IMG_59611-1024x768.jpg 1024w\" sizes=\"(max-width: 300px) 100vw, 300px\" \/><\/a><\/p>\n","protected":false},"excerpt":{"rendered":"<p>Sen stormen Gudrun for fram med kraft f\u00f6rbi rucklet har jag blivit r\u00e4tt nojjig f\u00f6r det d\u00e4r med stormar. Jag ger mig inte ut i on\u00f6dan n\u00e4r det ska friska p\u00e5 i vindbyarna utan f\u00f6rs\u00f6ker h\u00e5lla mig hemma. Skvallret gick &hellip; <a href=\"https:\/\/haargaard.se\/?p=6473\">Continue reading <span class=\"meta-nav\">&rarr;<\/span><\/a><\/p>\n","protected":false},"author":1,"featured_media":0,"comment_status":"open","ping_status":"open","sticky":false,"template":"","format":"standard","meta":{"spay_email":"","jetpack_publicize_message":"","jetpack_is_tweetstorm":false,"jetpack_publicize_feature_enabled":true},"categories":[1],"tags":[],"jetpack_featured_media_url":"","jetpack_publicize_connections":[],"jetpack_sharing_enabled":true,"jetpack_shortlink":"https:\/\/wp.me\/p41RA4-1Gp","_links":{"self":[{"href":"https:\/\/haargaard.se\/index.php?rest_route=\/wp\/v2\/posts\/6473"}],"collection":[{"href":"https:\/\/haargaard.se\/index.php?rest_route=\/wp\/v2\/posts"}],"about":[{"href":"https:\/\/haargaard.se\/index.php?rest_route=\/wp\/v2\/types\/post"}],"author":[{"embeddable":true,"href":"https:\/\/haargaard.se\/index.php?rest_route=\/wp\/v2\/users\/1"}],"replies":[{"embeddable":true,"href":"https:\/\/haargaard.se\/index.php?rest_route=%2Fwp%2Fv2%2Fcomments&post=6473"}],"version-history":[{"count":3,"href":"https:\/\/haargaard.se\/index.php?rest_route=\/wp\/v2\/posts\/6473\/revisions"}],"predecessor-version":[{"id":6478,"href":"https:\/\/haargaard.se\/index.php?rest_route=\/wp\/v2\/posts\/6473\/revisions\/6478"}],"wp:attachment":[{"href":"https:\/\/haargaard.se\/index.php?rest_route=%2Fwp%2Fv2%2Fmedia&parent=6473"}],"wp:term":[{"taxonomy":"category","embeddable":true,"href":"https:\/\/haargaard.se\/index.php?rest_route=%2Fwp%2Fv2%2Fcategories&post=6473"},{"taxonomy":"post_tag","embeddable":true,"href":"https:\/\/haargaard.se\/index.php?rest_route=%2Fwp%2Fv2%2Ftags&post=6473"}],"curies":[{"name":"wp","href":"https:\/\/api.w.org\/{rel}","templated":true}]}}