{"id":6336,"date":"2015-10-14T22:28:37","date_gmt":"2015-10-14T20:28:37","guid":{"rendered":"http:\/\/haargaard.se\/?p=6336"},"modified":"2015-10-14T22:28:37","modified_gmt":"2015-10-14T20:28:37","slug":"det-gar-framat-sakta-men-sakert","status":"publish","type":"post","link":"https:\/\/haargaard.se\/?p=6336","title":{"rendered":"Det g\u00e5r fram\u00e5t, sakta men s\u00e4kert"},"content":{"rendered":"<p style=\"text-align: center;\">Det \u00e4r sv\u00e5rt att f\u00e5 tiden att r\u00e4cka till men idag har alla tre h\u00e4starna som ska ridas in g\u00e5tt lite med ryttare.<\/p>\n<p style=\"text-align: center;\">Efter lite inspiration fr\u00e5n <a href=\"https:\/\/haargaard.se\/?p=6330\" target=\"_blank\">s\u00f6ndagens clinic<\/a> med<a href=\"http:\/\/karinpetersen.se\/index.html\" target=\"_blank\"> Karin Petersen<\/a>, <a href=\"https:\/\/www.facebook.com\/H%C3%A4stvett-1435099080115967\/\" target=\"_blank\">H\u00e4stvett<\/a>, jobbade jag med ett grimskaft p\u00e5 varje sida som tyglar idag. Sk\u00e1lda tyckte s\u00e5 klart att det var l\u00e4bbigt men de andra tv\u00e5 tog det med j\u00e4mnmod.<\/p>\n<p style=\"text-align: center;\">B\u00f6rjade med att f\u00f6rs\u00f6ka f\u00e5nga Mel\u00f3dia i hagen. Det var varken hon eller Sk\u00e1lda speciellt sugna p\u00e5 alls&#8230; Det slutade med att Bergthora tyckte att det fick vara nog med springandet i den d\u00e4r hagen. Hon gick helt sonika in i stallet varp\u00e5 stirrpannorna Mel\u00f3dia och Sk\u00e1lda\u00a0 f\u00f6ljde med. Och i stallet \u00e4r det inga st\u00f6rre bekymmer att f\u00e5 p\u00e5 dem grimma&#8230;<\/p>\n<p style=\"text-align: center;\">B\u00f6rjade med Mel\u00f3dia. Hon var stirrigare \u00e4n stirrigast. F\u00f6rmodligen tyckte hon att det var f\u00f6rskr\u00e4ckligt mycket bitande insekter&#8230; hur det nu kan vara det s\u00e5 h\u00e4r i mitten av oktober. Det har sannerligen varit en varm h\u00f6st. Mel\u00f3dia l\u00e4ngtar nog efter vinter och kallt s\u00e5 hon slipper ifr\u00e5n de d\u00e4r el\u00e4ndiga insekterna. N\u00e5ja, efter en stunds markarbete satt jag upp. Hade t\u00e4nkt att 21an som&#8230; kors i hela taket&#8230; sn\u00e4llt hade kommit ut f\u00f6r att vara behj\u00e4lplig med markst\u00f6d och leda s\u00e5 att h\u00e4starna skulle f\u00e5 g\u00e5 lite med ryttare. S\u00e5 blev det inte. Hon var s\u00e5 stirrig s\u00e5 det var b\u00e4ttre att han h\u00f6ll sig p\u00e5 en bits avst\u00e5nd. Mel\u00f3dia tyckte att hon ville mot stallet och skydd f\u00f6r insekterna s\u00e5 hon gick dit\u00e5t. Lyckades styra lite och g\u00e5 ett litet extra varv n\u00e4r hon inte kom l\u00e4ngre f\u00f6r st\u00e4ngd \u00f6ppning. Tyckte att det gick f\u00f6rv\u00e5nansv\u00e4rt bra. En mycket duktig h\u00e4st trots att hon blir s\u00e5 st\u00f6rd av insekterna.<\/p>\n<p style=\"text-align: center;\">N\u00e4st p\u00e5 tur var Sk\u00e1lda. Hon var inte riktigt lika stirrig om \u00e4n det liksom vanliga stirriga som hon alltid \u00e4r. Efter lite \u00f6vertalning tog hon mycket trevande steg fram\u00e5t efter 21an. Hon beh\u00f6ver det d\u00e4r markst\u00f6det f\u00f6r att v\u00e5ga f\u00f6rflytta sig. Det \u00e4r l\u00e4bbigt det d\u00e4r med en ryttare p\u00e5 ryggen. Mycket konstigt&#8230; hon \u00e4r s\u00e5 duktig.<\/p>\n<p style=\"text-align: center;\">Sist ut var Birkir. Han \u00e4r hur lugn som helst och f\u00f6ljde hur sn\u00e4llt som helst med 21an n\u00e4r han gick. Han verkar inte ber\u00f6rd \u00f6verhuvudtaget av att ha en ryttare p\u00e5 ryggen. V\u00e4ldigt duktig \u00e4ven han.<\/p>\n<p style=\"text-align: center;\">De \u00e4r s\u00e5 duktiga alla tre. Det \u00e4r s\u00e5 roligt!<\/p>\n<p style=\"text-align: center;\">21an tog motvilligt fram kameran till slut s\u00e5 att det \u00e5tminstone blev n\u00e5gra bilder p\u00e5 Birkir med ryttare p\u00e5 ryggen.<\/p>\n<p style=\"text-align: center;\"><a href=\"https:\/\/haargaard.se\/wp-content\/uploads\/2015\/10\/IMG_55261.jpg\"><img loading=\"lazy\" class=\"alignnone size-medium wp-image-6337\" alt=\"IMG_5526[1]\" src=\"https:\/\/haargaard.se\/wp-content\/uploads\/2015\/10\/IMG_55261-300x225.jpg\" width=\"300\" height=\"225\" srcset=\"https:\/\/haargaard.se\/wp-content\/uploads\/2015\/10\/IMG_55261-300x225.jpg 300w, https:\/\/haargaard.se\/wp-content\/uploads\/2015\/10\/IMG_55261-1024x768.jpg 1024w\" sizes=\"(max-width: 300px) 100vw, 300px\" \/><\/a><\/p>\n","protected":false},"excerpt":{"rendered":"<p>Det \u00e4r sv\u00e5rt att f\u00e5 tiden att r\u00e4cka till men idag har alla tre h\u00e4starna som ska ridas in g\u00e5tt lite med ryttare. Efter lite inspiration fr\u00e5n s\u00f6ndagens clinic med Karin Petersen, H\u00e4stvett, jobbade jag med ett grimskaft p\u00e5 varje &hellip; <a href=\"https:\/\/haargaard.se\/?p=6336\">Continue reading <span class=\"meta-nav\">&rarr;<\/span><\/a><\/p>\n","protected":false},"author":1,"featured_media":0,"comment_status":"open","ping_status":"open","sticky":false,"template":"","format":"standard","meta":{"spay_email":"","jetpack_publicize_message":"","jetpack_is_tweetstorm":false,"jetpack_publicize_feature_enabled":true},"categories":[11],"tags":[615,674,514],"jetpack_featured_media_url":"","jetpack_publicize_connections":[],"jetpack_sharing_enabled":true,"jetpack_shortlink":"https:\/\/wp.me\/p41RA4-1Ec","_links":{"self":[{"href":"https:\/\/haargaard.se\/index.php?rest_route=\/wp\/v2\/posts\/6336"}],"collection":[{"href":"https:\/\/haargaard.se\/index.php?rest_route=\/wp\/v2\/posts"}],"about":[{"href":"https:\/\/haargaard.se\/index.php?rest_route=\/wp\/v2\/types\/post"}],"author":[{"embeddable":true,"href":"https:\/\/haargaard.se\/index.php?rest_route=\/wp\/v2\/users\/1"}],"replies":[{"embeddable":true,"href":"https:\/\/haargaard.se\/index.php?rest_route=%2Fwp%2Fv2%2Fcomments&post=6336"}],"version-history":[{"count":1,"href":"https:\/\/haargaard.se\/index.php?rest_route=\/wp\/v2\/posts\/6336\/revisions"}],"predecessor-version":[{"id":6338,"href":"https:\/\/haargaard.se\/index.php?rest_route=\/wp\/v2\/posts\/6336\/revisions\/6338"}],"wp:attachment":[{"href":"https:\/\/haargaard.se\/index.php?rest_route=%2Fwp%2Fv2%2Fmedia&parent=6336"}],"wp:term":[{"taxonomy":"category","embeddable":true,"href":"https:\/\/haargaard.se\/index.php?rest_route=%2Fwp%2Fv2%2Fcategories&post=6336"},{"taxonomy":"post_tag","embeddable":true,"href":"https:\/\/haargaard.se\/index.php?rest_route=%2Fwp%2Fv2%2Ftags&post=6336"}],"curies":[{"name":"wp","href":"https:\/\/api.w.org\/{rel}","templated":true}]}}