{"id":6264,"date":"2015-09-29T22:08:15","date_gmt":"2015-09-29T20:08:15","guid":{"rendered":"http:\/\/haargaard.se\/?p=6264"},"modified":"2015-09-29T22:08:15","modified_gmt":"2015-09-29T20:08:15","slug":"golvad-av-transportstyrelsen","status":"publish","type":"post","link":"https:\/\/haargaard.se\/?p=6264","title":{"rendered":"Golvad av Transportstyrelsen"},"content":{"rendered":"<p style=\"text-align: center;\">Jag har levt ett r\u00e4tt h\u00e5rt liv. Den ena motg\u00e5ngen \u00e4n v\u00e4rre \u00e4n den andra. Livet har varit mer eller mindre en enda l\u00e5ng kamp. En kamp f\u00f6r att ta mig igenom allt el\u00e4nde och orka. Att fixa att driva runt en h\u00e5rt pressad vardag. Varje dag. Orka att g\u00f6ra s\u00e5 gott jag kan, mitt b\u00e4sta. Som en s\u00e5n d\u00e4r tung-i-gumpen-docka har jag blivit golvad och brutit ihop f\u00f6r att sen resa mig, bita ihop och k\u00e4mpa p\u00e5 igen. Att f\u00f6rs\u00f6ka vara en god m\u00e4nniska och g\u00f6ra r\u00e4tt. Engagera mig f\u00f6r dem som beh\u00f6ver det. Vara hj\u00e4lpsam. St\u00e4lla upp. F\u00f6r jag \u00e4nd\u00e5 trott att det finns n\u00e5gon r\u00e4ttvisa h\u00e4r i v\u00e4rlden. Att den som f\u00f6rs\u00f6ker g\u00f6ra gott och g\u00f6ra r\u00e4tt ska f\u00e5 detsamma tillbaka. Men det visar sig g\u00e5ng p\u00e5 g\u00e5ng att jag trott fel. Det \u00e4r de elaka och onda som klarar sig b\u00e4st. Det \u00e4r de sn\u00e4lla och goda som trycks ner och g\u00e5r under.<\/p>\n<p style=\"text-align: center;\">I ett \u00f6gonblick d\u00e4r jag f\u00f6rs\u00f6kte g\u00f6ra r\u00e4tt och f\u00f6lja trafikreglerna k\u00f6rde jag i b\u00f6rjan av juni in i rumpan p\u00e5 en taxi som stannat f\u00f6r v\u00e4nstersv\u00e4ng. Det var precis efter skylten d\u00e4r det gick fr\u00e5n 70 till 50. N\u00e5gra sekunders f\u00f6r l\u00e5ng fokus p\u00e5 att se till att komma ner i r\u00e4tt hastighet och n\u00e4r jag tittade upp igen p\u00e5 v\u00e4gen stod det en bil d\u00e4r. Kastade mig p\u00e5 bromsen men det var f\u00f6r sent. Pang!<\/p>\n<p style=\"text-align: center;\">Det blev en redig sm\u00e4ll men alla inblandade klarade sig bra utom bilarna. Det blev en dyr historia f\u00f6r mig som fick skrota bilen utan ers\u00e4ttning fr\u00e5n f\u00f6rs\u00e4kringen och k\u00f6pa en ny bil. Dessutom tyckte Polisen att jag skulle b\u00f6ta 2000 kr men utredaren tyckte att det var en olycka och att det \u00e4r \u00e4nd\u00e5 s\u00e5nt som h\u00e4nder s\u00e5 jag skulle inte ta det s\u00e5 h\u00e5rt \u00e4nd\u00e5. Det var inte s\u00e5 muntert med ytterligare ekonomiskt straff men jag hade \u00e4nd\u00e5 k\u00f6rt in i en bil och det var otroligt dumt s\u00e5 det fick jag v\u00e4l ta.<\/p>\n<p style=\"text-align: center;\">Men s\u00e5 fick jag en fullst\u00e4ndig chock i f\u00f6rra veckan n\u00e4r det n\u00e4stan fyra m\u00e5nader senare damp ner ett brev i brevl\u00e5dan fr\u00e5n Transportstyrelsen. D\u00e4r de avs\u00e5g att \u00e5terkalla mitt k\u00f6rkort p g a krocken med m\u00f6jlighet att yttra mig inf\u00f6r beslutet. F\u00f6r en ensamst\u00e5ende mamma p\u00e5 heltid med minder\u00e5rigt barn boendes p\u00e5 landet l\u00e5ngt fr\u00e5n allm\u00e4nna kommunikationer, som redan innan k\u00e4mpar h\u00e5rt f\u00f6r att f\u00f6rs\u00f6ka f\u00e5 tillvaron att g\u00e5 ihop och st\u00e4ndigt balanserar p\u00e5 gr\u00e4nsen till sammanbrott, \u00e4r en \u00e5terkallelse av k\u00f6rkortet rena rama katastrofen. RENA RAMA KATASTROFEN! Hur ska jag komma till jobbet..? Hur ska 11an komma till skolan..? Hur ska jag f\u00e5 hem mat..? Hur ska jag kunna sk\u00f6ta jobbet med allt fl\u00e4ngande p\u00e5 m\u00f6ten..? Hur ska jag orka \u00e4nnu en f\u00f6rsv\u00e5rande omst\u00e4ndighet..? Hur ska jag <em><strong>orka<\/strong><\/em>..? Om det inte \u00e4r sk\u00e4l nog att l\u00e5ta en ensamst\u00e5ende mamma p\u00e5 heltid som \u00e4r helt beroende av bilen slippa undan med en varning p g a en olycka, d\u00e5 kan det om\u00f6jligt finnas n\u00e5gon som har sk\u00e4l nog. Om Transportstyrelsen tycker det s\u00e5 \u00e4r det dags att se \u00f6ver regelverket&#8230;<\/p>\n<p style=\"text-align: center;\">Idag kom beslutet. K\u00f6rkortet \u00e5terkallas i tv\u00e5 m\u00e5nader med omedelbar verkan. Ska det slutligen bli Transportstyrelsen som lyckas kn\u00e4cka mig..?<\/p>\n<p style=\"text-align: center;\">Kommer det verkligen att g\u00f6ra mig till en b\u00e4ttre bilf\u00f6rare..?<\/p>\n","protected":false},"excerpt":{"rendered":"<p>Jag har levt ett r\u00e4tt h\u00e5rt liv. Den ena motg\u00e5ngen \u00e4n v\u00e4rre \u00e4n den andra. Livet har varit mer eller mindre en enda l\u00e5ng kamp. En kamp f\u00f6r att ta mig igenom allt el\u00e4nde och orka. Att fixa att driva &hellip; <a href=\"https:\/\/haargaard.se\/?p=6264\">Continue reading <span class=\"meta-nav\">&rarr;<\/span><\/a><\/p>\n","protected":false},"author":1,"featured_media":0,"comment_status":"open","ping_status":"open","sticky":false,"template":"","format":"standard","meta":{"spay_email":"","jetpack_publicize_message":"","jetpack_is_tweetstorm":false,"jetpack_publicize_feature_enabled":true},"categories":[1],"tags":[],"jetpack_featured_media_url":"","jetpack_publicize_connections":[],"jetpack_sharing_enabled":true,"jetpack_shortlink":"https:\/\/wp.me\/p41RA4-1D2","_links":{"self":[{"href":"https:\/\/haargaard.se\/index.php?rest_route=\/wp\/v2\/posts\/6264"}],"collection":[{"href":"https:\/\/haargaard.se\/index.php?rest_route=\/wp\/v2\/posts"}],"about":[{"href":"https:\/\/haargaard.se\/index.php?rest_route=\/wp\/v2\/types\/post"}],"author":[{"embeddable":true,"href":"https:\/\/haargaard.se\/index.php?rest_route=\/wp\/v2\/users\/1"}],"replies":[{"embeddable":true,"href":"https:\/\/haargaard.se\/index.php?rest_route=%2Fwp%2Fv2%2Fcomments&post=6264"}],"version-history":[{"count":1,"href":"https:\/\/haargaard.se\/index.php?rest_route=\/wp\/v2\/posts\/6264\/revisions"}],"predecessor-version":[{"id":6265,"href":"https:\/\/haargaard.se\/index.php?rest_route=\/wp\/v2\/posts\/6264\/revisions\/6265"}],"wp:attachment":[{"href":"https:\/\/haargaard.se\/index.php?rest_route=%2Fwp%2Fv2%2Fmedia&parent=6264"}],"wp:term":[{"taxonomy":"category","embeddable":true,"href":"https:\/\/haargaard.se\/index.php?rest_route=%2Fwp%2Fv2%2Fcategories&post=6264"},{"taxonomy":"post_tag","embeddable":true,"href":"https:\/\/haargaard.se\/index.php?rest_route=%2Fwp%2Fv2%2Ftags&post=6264"}],"curies":[{"name":"wp","href":"https:\/\/api.w.org\/{rel}","templated":true}]}}