{"id":5857,"date":"2015-07-28T20:00:40","date_gmt":"2015-07-28T20:00:40","guid":{"rendered":"http:\/\/haargaard.se\/?p=5857"},"modified":"2015-07-31T15:16:04","modified_gmt":"2015-07-31T13:16:04","slug":"far-och-dotter-audna-och-atli","status":"publish","type":"post","link":"https:\/\/haargaard.se\/?p=5857","title":{"rendered":"Far och dotter, Audna och Atli"},"content":{"rendered":"<div class=\"gpb-content\">Har inte funderat s\u00e5 mycket p\u00e5 den d\u00e4r andra r\u00f6dblacken som g\u00e5r d\u00e4r i sommarhagen men idag slog det mig att det var n\u00e5got v\u00e4ldigt bekant \u00f6ver honom. Och visst, det var ju Audnas pappa. S\u00e5 h\u00e4r \u00e4r allts\u00e5 far och dotter, Atli och Audna.<\/p>\n<p><a rel=\"nofollow\" class=\"ot-hashtag\" href=\"https:\/\/plus.google.com\/s\/%23h\">#h<\/a><br \/>\ufeff<\/div>\n<div class='gpb-photo-primary'><img src='https:\/\/lh3.googleusercontent.com\/-QZBxICYx6FA\/VbffZ02MmPI\/AAAAAAABUIc\/q7lkEv3wBVs\/IMG_4400-ANIMATION.gif?imgmax=1600' border='0' style='max-width:100%;' \/><\/div>\n<p><\/p>\n<p class='gpb-links' style='clear:both;'> <a class='gpb-linkback' href='https:\/\/plus.google.com\/+SofiaHaargaard\/posts\/37sHT9ur8be' target='_new'>View this post on Google+<\/a><\/p>\n","protected":false},"excerpt":{"rendered":"<p>Har inte funderat s\u00e5 mycket p\u00e5 den d\u00e4r andra r\u00f6dblacken som g\u00e5r d\u00e4r i sommarhagen men idag slog det mig att det var n\u00e5got v\u00e4ldigt bekant \u00f6ver honom. Och visst, det var ju Audnas pappa. S\u00e5 h\u00e4r \u00e4r allts\u00e5 far &hellip; <a href=\"https:\/\/haargaard.se\/?p=5857\">Continue reading <span class=\"meta-nav\">&rarr;<\/span><\/a><\/p>\n","protected":false},"author":1,"featured_media":0,"comment_status":"open","ping_status":"open","sticky":false,"template":"","format":"standard","meta":{"spay_email":"","jetpack_publicize_message":"","jetpack_is_tweetstorm":false,"jetpack_publicize_feature_enabled":true},"categories":[1],"tags":[297],"jetpack_featured_media_url":"","jetpack_publicize_connections":[],"jetpack_sharing_enabled":true,"jetpack_shortlink":"https:\/\/wp.me\/p41RA4-1wt","_links":{"self":[{"href":"https:\/\/haargaard.se\/index.php?rest_route=\/wp\/v2\/posts\/5857"}],"collection":[{"href":"https:\/\/haargaard.se\/index.php?rest_route=\/wp\/v2\/posts"}],"about":[{"href":"https:\/\/haargaard.se\/index.php?rest_route=\/wp\/v2\/types\/post"}],"author":[{"embeddable":true,"href":"https:\/\/haargaard.se\/index.php?rest_route=\/wp\/v2\/users\/1"}],"replies":[{"embeddable":true,"href":"https:\/\/haargaard.se\/index.php?rest_route=%2Fwp%2Fv2%2Fcomments&post=5857"}],"version-history":[{"count":1,"href":"https:\/\/haargaard.se\/index.php?rest_route=\/wp\/v2\/posts\/5857\/revisions"}],"predecessor-version":[{"id":5862,"href":"https:\/\/haargaard.se\/index.php?rest_route=\/wp\/v2\/posts\/5857\/revisions\/5862"}],"wp:attachment":[{"href":"https:\/\/haargaard.se\/index.php?rest_route=%2Fwp%2Fv2%2Fmedia&parent=5857"}],"wp:term":[{"taxonomy":"category","embeddable":true,"href":"https:\/\/haargaard.se\/index.php?rest_route=%2Fwp%2Fv2%2Fcategories&post=5857"},{"taxonomy":"post_tag","embeddable":true,"href":"https:\/\/haargaard.se\/index.php?rest_route=%2Fwp%2Fv2%2Ftags&post=5857"}],"curies":[{"name":"wp","href":"https:\/\/api.w.org\/{rel}","templated":true}]}}