{"id":5237,"date":"2015-04-13T23:36:06","date_gmt":"2015-04-13T21:36:06","guid":{"rendered":"http:\/\/haargaard.se\/?p=5237"},"modified":"2015-04-13T23:36:06","modified_gmt":"2015-04-13T21:36:06","slug":"da-var-det-dags-att-laga-hundgarden","status":"publish","type":"post","link":"https:\/\/haargaard.se\/?p=5237","title":{"rendered":"D\u00e5 var det dags att laga hundg\u00e5rden"},"content":{"rendered":"<p style=\"text-align: center;\">N\u00e4r jag skulle sl\u00e4nga ut hundarna i hundg\u00e5rden i morse tv\u00e4rv\u00e4grade Fille. Inte vet jag om han f\u00e5tt stryk d\u00e4r inne av dominante Hugo eller om han bara tycker det \u00e4r kallt och \u00e4ckligt men han ville verkligen INTE. S\u00e5 Hugo fick bli i hundg\u00e5rden och Fille inne. N\u00e4r tjugo\u00e5ringen kom hem var Hugo INTE i hundg\u00e5rden utan p\u00e5 tomten mer eller mindre upptrissad till max. D\u00e5 \u00e4r det allts\u00e5 dags att laga hundg\u00e5rden&#8230; igen.<\/p>\n<p style=\"text-align: center;\"><a href=\"https:\/\/haargaard.se\/wp-content\/uploads\/2015\/04\/IMG_29691.jpg\"><img loading=\"lazy\" class=\"alignnone size-medium wp-image-5238\" alt=\"IMG_2969[1]\" src=\"https:\/\/haargaard.se\/wp-content\/uploads\/2015\/04\/IMG_29691-300x225.jpg\" width=\"300\" height=\"225\" srcset=\"https:\/\/haargaard.se\/wp-content\/uploads\/2015\/04\/IMG_29691-300x225.jpg 300w, https:\/\/haargaard.se\/wp-content\/uploads\/2015\/04\/IMG_29691-1024x768.jpg 1024w\" sizes=\"(max-width: 300px) 100vw, 300px\" \/><\/a><\/p>\n<p style=\"text-align: center;\">Som tur \u00e4r kom tjugo\u00e5ringen ih\u00e5g att l\u00e4gga undan mitt t\u00e4cke n\u00e4r han l\u00e4mnade od\u00e5gorna hemma i min s\u00e4ng f\u00f6r en sv\u00e4ng till stan f\u00f6r lite fixande vi hade att g\u00f6ra. Blir en sp\u00e4nnande vecka det h\u00e4r med byrackorna inne igen&#8230; undrar hur mycket som kommer att vara s\u00f6ndertuggat innan jag f\u00e5tt fixat hundg\u00e5rden..?<\/p>\n","protected":false},"excerpt":{"rendered":"<p>N\u00e4r jag skulle sl\u00e4nga ut hundarna i hundg\u00e5rden i morse tv\u00e4rv\u00e4grade Fille. Inte vet jag om han f\u00e5tt stryk d\u00e4r inne av dominante Hugo eller om han bara tycker det \u00e4r kallt och \u00e4ckligt men han ville verkligen INTE. S\u00e5 &hellip; <a href=\"https:\/\/haargaard.se\/?p=5237\">Continue reading <span class=\"meta-nav\">&rarr;<\/span><\/a><\/p>\n","protected":false},"author":1,"featured_media":0,"comment_status":"open","ping_status":"open","sticky":false,"template":"","format":"standard","meta":{"spay_email":"","jetpack_publicize_message":"","jetpack_is_tweetstorm":false,"jetpack_publicize_feature_enabled":true},"categories":[20],"tags":[676],"jetpack_featured_media_url":"","jetpack_publicize_connections":[],"jetpack_sharing_enabled":true,"jetpack_shortlink":"https:\/\/wp.me\/p41RA4-1mt","_links":{"self":[{"href":"https:\/\/haargaard.se\/index.php?rest_route=\/wp\/v2\/posts\/5237"}],"collection":[{"href":"https:\/\/haargaard.se\/index.php?rest_route=\/wp\/v2\/posts"}],"about":[{"href":"https:\/\/haargaard.se\/index.php?rest_route=\/wp\/v2\/types\/post"}],"author":[{"embeddable":true,"href":"https:\/\/haargaard.se\/index.php?rest_route=\/wp\/v2\/users\/1"}],"replies":[{"embeddable":true,"href":"https:\/\/haargaard.se\/index.php?rest_route=%2Fwp%2Fv2%2Fcomments&post=5237"}],"version-history":[{"count":1,"href":"https:\/\/haargaard.se\/index.php?rest_route=\/wp\/v2\/posts\/5237\/revisions"}],"predecessor-version":[{"id":5239,"href":"https:\/\/haargaard.se\/index.php?rest_route=\/wp\/v2\/posts\/5237\/revisions\/5239"}],"wp:attachment":[{"href":"https:\/\/haargaard.se\/index.php?rest_route=%2Fwp%2Fv2%2Fmedia&parent=5237"}],"wp:term":[{"taxonomy":"category","embeddable":true,"href":"https:\/\/haargaard.se\/index.php?rest_route=%2Fwp%2Fv2%2Fcategories&post=5237"},{"taxonomy":"post_tag","embeddable":true,"href":"https:\/\/haargaard.se\/index.php?rest_route=%2Fwp%2Fv2%2Ftags&post=5237"}],"curies":[{"name":"wp","href":"https:\/\/api.w.org\/{rel}","templated":true}]}}