{"id":4980,"date":"2015-03-04T23:50:01","date_gmt":"2015-03-04T21:50:01","guid":{"rendered":"http:\/\/haargaard.se\/?p=4980"},"modified":"2015-03-04T23:50:01","modified_gmt":"2015-03-04T21:50:01","slug":"bilen-skrotad-och-en-utmattad-mamma","status":"publish","type":"post","link":"https:\/\/haargaard.se\/?p=4980","title":{"rendered":"Bilen skrotad och en utmattad mamma"},"content":{"rendered":"<p style=\"text-align: center;\">Fick lite hj\u00e4lp att se till att bilen kom till skroten och var sen dit efter jobbet f\u00f6r pappersexcersisen. Nu \u00e4r kapitlet BMW 316i avslutad, bilen \u00e4r skrotad. Tjugo\u00e5ringen hade en v\u00e4ldig huvudv\u00e4rk i morse s\u00e5 han blev hemma fr\u00e5n jobbet \u00e4ven idag. Kanske inte var s\u00e5 konstigt med tanke p\u00e5 vad han var med om ig\u00e5r. L\u00e4karen och uskan p\u00e5 akuten sa att dag nummer tv\u00e5 ofta blir en d\u00e5lig dag. M\u00f6rbultningen s\u00e4tter in en st\u00f6t d\u00e5&#8230; det verkar som att de hade r\u00e4tt. Nu p\u00e5 kv\u00e4llen verkar han dock piggare igen s\u00e5 nu hoppas vi p\u00e5 jobb imorgon. Mamman, dvs jag, har haft en fullst\u00e4ndigt utmattad dag. M\u00e5ste ha tagit otroligt \u00e4ven p\u00e5 mina krafter den d\u00e4r chocken ig\u00e5r. Det \u00e4r inte klokt att mitt barn har suttit i den d\u00e4r bilen. Det hade kunnat g\u00e5tt k\u00e4ppr\u00e4tt \u00e5t fanders. Vilken fantastisk tur vi hade. Det s\u00e4tter lite perspektiv p\u00e5 tillvaron n\u00e4r det h\u00e4nder ot\u00e4cka saker&#8230;<\/p>\n<p style=\"text-align: center;\">Idag har annars varit en alldeles fantastisk dag. Sol, bl\u00e5 himmel och framf\u00f6r allt s\u00e5 v\u00e4rmde solen. Underbart! V\u00e5ren \u00e4r h\u00e4r \u00e4ven om det \u00e4r kallt som sjutton&#8230;<\/p>\n<p style=\"text-align: center;\"><a href=\"https:\/\/haargaard.se\/wp-content\/uploads\/2015\/03\/IMG_19181.jpg\"><img loading=\"lazy\" class=\"alignnone size-medium wp-image-4981\" alt=\"IMG_1918[1]\" src=\"https:\/\/haargaard.se\/wp-content\/uploads\/2015\/03\/IMG_19181-300x225.jpg\" width=\"300\" height=\"225\" srcset=\"https:\/\/haargaard.se\/wp-content\/uploads\/2015\/03\/IMG_19181-300x225.jpg 300w, https:\/\/haargaard.se\/wp-content\/uploads\/2015\/03\/IMG_19181-1024x768.jpg 1024w\" sizes=\"(max-width: 300px) 100vw, 300px\" \/><\/a><\/p>\n","protected":false},"excerpt":{"rendered":"<p>Fick lite hj\u00e4lp att se till att bilen kom till skroten och var sen dit efter jobbet f\u00f6r pappersexcersisen. Nu \u00e4r kapitlet BMW 316i avslutad, bilen \u00e4r skrotad. Tjugo\u00e5ringen hade en v\u00e4ldig huvudv\u00e4rk i morse s\u00e5 han blev hemma fr\u00e5n &hellip; <a href=\"https:\/\/haargaard.se\/?p=4980\">Continue reading <span class=\"meta-nav\">&rarr;<\/span><\/a><\/p>\n","protected":false},"author":1,"featured_media":0,"comment_status":"open","ping_status":"open","sticky":false,"template":"","format":"standard","meta":{"spay_email":"","jetpack_publicize_message":"","jetpack_is_tweetstorm":false,"jetpack_publicize_feature_enabled":true},"categories":[1],"tags":[],"jetpack_featured_media_url":"","jetpack_publicize_connections":[],"jetpack_sharing_enabled":true,"jetpack_shortlink":"https:\/\/wp.me\/p41RA4-1ik","_links":{"self":[{"href":"https:\/\/haargaard.se\/index.php?rest_route=\/wp\/v2\/posts\/4980"}],"collection":[{"href":"https:\/\/haargaard.se\/index.php?rest_route=\/wp\/v2\/posts"}],"about":[{"href":"https:\/\/haargaard.se\/index.php?rest_route=\/wp\/v2\/types\/post"}],"author":[{"embeddable":true,"href":"https:\/\/haargaard.se\/index.php?rest_route=\/wp\/v2\/users\/1"}],"replies":[{"embeddable":true,"href":"https:\/\/haargaard.se\/index.php?rest_route=%2Fwp%2Fv2%2Fcomments&post=4980"}],"version-history":[{"count":1,"href":"https:\/\/haargaard.se\/index.php?rest_route=\/wp\/v2\/posts\/4980\/revisions"}],"predecessor-version":[{"id":4982,"href":"https:\/\/haargaard.se\/index.php?rest_route=\/wp\/v2\/posts\/4980\/revisions\/4982"}],"wp:attachment":[{"href":"https:\/\/haargaard.se\/index.php?rest_route=%2Fwp%2Fv2%2Fmedia&parent=4980"}],"wp:term":[{"taxonomy":"category","embeddable":true,"href":"https:\/\/haargaard.se\/index.php?rest_route=%2Fwp%2Fv2%2Fcategories&post=4980"},{"taxonomy":"post_tag","embeddable":true,"href":"https:\/\/haargaard.se\/index.php?rest_route=%2Fwp%2Fv2%2Ftags&post=4980"}],"curies":[{"name":"wp","href":"https:\/\/api.w.org\/{rel}","templated":true}]}}