{"id":46,"date":"2013-08-01T16:09:00","date_gmt":"2013-08-01T14:09:00","guid":{"rendered":"http:\/\/haargaard.se\/?p=46"},"modified":"2013-08-01T16:09:00","modified_gmt":"2013-08-01T14:09:00","slug":"sommarens-sjukstuga-har-oppnat","status":"publish","type":"post","link":"https:\/\/haargaard.se\/?p=46","title":{"rendered":"Sommarens sjukstuga har \u00f6ppnat"},"content":{"rendered":"<div>Han har rej\u00e4la gaddar, Hugo.<\/div>\n<div><\/div>\n<div><a href=\"http:\/\/2.bp.blogspot.com\/-IPon19FUXI0\/UfppK3AlA4I\/AAAAAAAAqcg\/a5DQYmNYfxE\/s1600\/IMG_2101%5B1%5D.JPG\" imageanchor=\"1\"><img loading=\"lazy\" border=\"0\" height=\"320\" src=\"http:\/\/2.bp.blogspot.com\/-IPon19FUXI0\/UfppK3AlA4I\/AAAAAAAAqcg\/a5DQYmNYfxE\/s320\/IMG_2101%5B1%5D.JPG\" width=\"240\"><\/a><\/div>\n<div><\/div>\n<div>Hugo har hela huvudet fullt av sm\u00e5 s\u00e5r. F\u00f6rmodligen \u00e4r det n\u00e5got liknande som f\u00f6rra sommaren, bakterier som h\u00e4rjar hej vilt. S\u00e5 det blev rakning av huvudet f\u00f6r att g\u00f6ra livet lite otrevligare f\u00f6r bacilluskerna och l\u00e4ttare att tv\u00e4tta med klorhexidinl\u00f6sningen. Hoppas att vi slipper antibiotika som f\u00f6rra sommaren.<\/div>\n<p><\/p>\n<table align=\"center\" cellpadding=\"0\" cellspacing=\"0\">\n<tbody>\n<tr>\n<td><a href=\"http:\/\/3.bp.blogspot.com\/--DyVCMRJy9s\/UfppcwnVK9I\/AAAAAAAAqco\/bzoOnvOdlg8\/s1600\/IMG_2104%5B1%5D.JPG\" imageanchor=\"1\"><img loading=\"lazy\" border=\"0\" height=\"320\" src=\"http:\/\/3.bp.blogspot.com\/--DyVCMRJy9s\/UfppcwnVK9I\/AAAAAAAAqco\/bzoOnvOdlg8\/s320\/IMG_2104%5B1%5D.JPG\" width=\"240\"><\/a><\/td>\n<\/tr>\n<tr>\n<td>F\u00f6re rakning.<\/td>\n<\/tr>\n<\/tbody>\n<\/table>\n<table align=\"center\" cellpadding=\"0\" cellspacing=\"0\">\n<tbody>\n<tr>\n<td><a href=\"http:\/\/1.bp.blogspot.com\/-V5tNlHgTAw4\/UfppimbdSaI\/AAAAAAAAqc4\/ayvK5rZGFxw\/s1600\/IMG_2107%5B1%5D.JPG\" imageanchor=\"1\"><img loading=\"lazy\" border=\"0\" height=\"320\" src=\"http:\/\/1.bp.blogspot.com\/-V5tNlHgTAw4\/UfppimbdSaI\/AAAAAAAAqc4\/ayvK5rZGFxw\/s320\/IMG_2107%5B1%5D.JPG\" width=\"240\"><\/a><\/td>\n<\/tr>\n<tr>\n<td>Efter rakning<\/td>\n<\/tr>\n<\/tbody>\n<\/table>\n<div>N\u00e4r vi \u00e4nd\u00e5 har sjukstuga passar jag p\u00e5 att k\u00f6ra en \u00f6ronkur p\u00e5 Filles v\u00e4nstra kr\u00e5nglande \u00f6ra igen. Tv\u00e4ttning en g\u00e5ng om dagen med Otodine och droppar Betnovat i \u00f6rat tv\u00e5 g\u00e5nger om dagen. K\u00f6r v\u00e4l en kur p\u00e5 5-6 dagar och ser om han blir b\u00e4ttre.\u00a0<\/div>\n<p><\/p>\n<div><a href=\"http:\/\/1.bp.blogspot.com\/-U8n_5LxWc8c\/UfpphyHJeoI\/AAAAAAAAqcw\/7oF1jdLTkTI\/s1600\/IMG_2112%5B1%5D.JPG\" imageanchor=\"1\"><img loading=\"lazy\" border=\"0\" height=\"320\" src=\"http:\/\/1.bp.blogspot.com\/-U8n_5LxWc8c\/UfpphyHJeoI\/AAAAAAAAqcw\/7oF1jdLTkTI\/s320\/IMG_2112%5B1%5D.JPG\" width=\"240\"><\/a><\/div>\n<div><\/div>\n<div>Lillemans f\u00f6tter b\u00f6rjar \u00e5tminstone \u00e5terg\u00e5 till en n\u00e5got mer normal form ist\u00e4llet f\u00f6r elefantf\u00f6tterna han haft nu i n\u00e5gra dagar efter reaktionen p\u00e5 blinningbetten. Men helt bra \u00e4r de fortfarande inte. Stoppar fortfarande i honom Tavegyl b\u00e5de morgon och kv\u00e4ll.<\/div>\n<div><\/div>\n<div>Lurade i Fille maten genom att blanda i lite gammal turkisk yoghurt. Det blir inte mycket mat att sl\u00e4nga med tv\u00e5 jyckar i huset&#8230;<\/div>\n<p><\/p>\n<div><a href=\"http:\/\/1.bp.blogspot.com\/-Axu6n5ulVLA\/UfppmNdim4I\/AAAAAAAAqdA\/7t12HJKz4GE\/s1600\/IMG_2109%5B1%5D.JPG\" imageanchor=\"1\"><img loading=\"lazy\" border=\"0\" height=\"320\" src=\"http:\/\/1.bp.blogspot.com\/-Axu6n5ulVLA\/UfppmNdim4I\/AAAAAAAAqdA\/7t12HJKz4GE\/s320\/IMG_2109%5B1%5D.JPG\" width=\"240\"><\/a><\/div>\n<div><\/div>\n<div><\/div>\n<p><\/p>\n","protected":false},"excerpt":{"rendered":"<p>Han har rej\u00e4la gaddar, Hugo. Hugo har hela huvudet fullt av sm\u00e5 s\u00e5r. F\u00f6rmodligen \u00e4r det n\u00e5got liknande som f\u00f6rra sommaren, bakterier som h\u00e4rjar hej vilt. S\u00e5 det blev rakning av huvudet f\u00f6r att g\u00f6ra livet lite otrevligare f\u00f6r bacilluskerna &hellip; <a href=\"https:\/\/haargaard.se\/?p=46\">Continue reading <span class=\"meta-nav\">&rarr;<\/span><\/a><\/p>\n","protected":false},"author":1,"featured_media":0,"comment_status":"open","ping_status":"open","sticky":false,"template":"","format":"standard","meta":{"spay_email":"","jetpack_publicize_message":"","jetpack_is_tweetstorm":false,"jetpack_publicize_feature_enabled":true},"categories":[10],"tags":[],"jetpack_featured_media_url":"","jetpack_publicize_connections":[],"jetpack_sharing_enabled":true,"jetpack_shortlink":"https:\/\/wp.me\/p41RA4-K","_links":{"self":[{"href":"https:\/\/haargaard.se\/index.php?rest_route=\/wp\/v2\/posts\/46"}],"collection":[{"href":"https:\/\/haargaard.se\/index.php?rest_route=\/wp\/v2\/posts"}],"about":[{"href":"https:\/\/haargaard.se\/index.php?rest_route=\/wp\/v2\/types\/post"}],"author":[{"embeddable":true,"href":"https:\/\/haargaard.se\/index.php?rest_route=\/wp\/v2\/users\/1"}],"replies":[{"embeddable":true,"href":"https:\/\/haargaard.se\/index.php?rest_route=%2Fwp%2Fv2%2Fcomments&post=46"}],"version-history":[{"count":0,"href":"https:\/\/haargaard.se\/index.php?rest_route=\/wp\/v2\/posts\/46\/revisions"}],"wp:attachment":[{"href":"https:\/\/haargaard.se\/index.php?rest_route=%2Fwp%2Fv2%2Fmedia&parent=46"}],"wp:term":[{"taxonomy":"category","embeddable":true,"href":"https:\/\/haargaard.se\/index.php?rest_route=%2Fwp%2Fv2%2Fcategories&post=46"},{"taxonomy":"post_tag","embeddable":true,"href":"https:\/\/haargaard.se\/index.php?rest_route=%2Fwp%2Fv2%2Ftags&post=46"}],"curies":[{"name":"wp","href":"https:\/\/api.w.org\/{rel}","templated":true}]}}