{"id":4108,"date":"2014-09-14T14:27:35","date_gmt":"2014-09-14T12:27:35","guid":{"rendered":"http:\/\/haargaard.se\/?p=4108"},"modified":"2014-09-14T14:29:53","modified_gmt":"2014-09-14T12:29:53","slug":"4108","status":"publish","type":"post","link":"https:\/\/haargaard.se\/?p=4108","title":{"rendered":"Rucklets inv\u00e5nare har gjort sin medborgerliga plikt"},"content":{"rendered":"<p style=\"text-align: center;\">I samlad tropp \u00e5kte vi iv\u00e4g hela familjen f\u00f6r att kolla till att valsedlarna f\u00f6r <a href=\"http:\/\/www.piratpartiet.se\/\" target=\"_blank\">Piratpartiet<\/a> till riksdagsvalet fanns framme som de skulle. Jajamensan, \u00e4ven i v\u00e5r egen vallokal stod de i st\u00e4llet bland de andra. Mycket bra placering. Ibland blir det d\u00e4r med bokstavsordning b\u00e4ttre \u00e4n annars. \ud83d\ude42<\/p>\n<p style=\"text-align: center;\">R\u00f6stat fick vi gjort n\u00e4r vi \u00e4nd\u00e5 var d\u00e4r. F\u00e5tt gjort v\u00e5r medborgerliga plikt allts\u00e5 som jag ser det. Som jag sa till tjugo\u00e5ringen n\u00e4r han inte visste vad han skulle v\u00e4lja till landstinget, ta det som \u00e4r minst d\u00e5ligt d\u00e5, gjorde \u00e4ven jag. Det fick bli <a href=\"http:\/\/www.piratpartiet.se\/\" target=\"_blank\">Piratpartiet<\/a> och <a href=\"http:\/\/www.annatroberg.se\/\" target=\"_blank\">Anna Troberg<\/a> till riksdagen och sen <a href=\"http:\/\/www.mp.se\/\" target=\"_blank\">Milj\u00f6partiet<\/a> till kommun och landsting. Den gr\u00f6na r\u00f6sten beh\u00f6vs kanske mer \u00e4n n\u00e5gonsin som motpol till de andra kolosserna\/stofilerna \u00e4ven om de har en hel del politik som k\u00e4nns s\u00e5 d\u00e4r. Fast kan inte s\u00e4ga att jag k\u00e4nde speciellt mycket f\u00f6rtroende f\u00f6r n\u00e5gon av kandidaterna som mp st\u00e4llde upp med till kommunalvalet. K\u00e4ndes inte som om det var n\u00e5gon som drev fr\u00e5gor som jag tycker \u00e4r de viktigaste. Eller s\u00e5 hade de bara kassa och skrala presentationer p\u00e5 hemsidan&#8230; n\u00e5got f\u00f6rv\u00e5nande med tanke p\u00e5 det stundande valet.<\/p>\n<p style=\"text-align: center;\">Som motpol mot det h\u00e4r bruna som verkar sprida sig ska jag f\u00f6rs\u00f6ka g\u00f6ra skillnad genom att anm\u00e4la mig till \u00d6verf\u00f6rmyndarmyndigheten som aspirant till att vara god man till ett ensamkommande flyktingbarn. Min manifestation f\u00f6r k\u00e4rlek, \u00f6ppenhet och medm\u00e4nsklighet. Det kom en s\u00e5n efterlysning hem i brevl\u00e5dan tidigare i veckan.<\/p>\n<p style=\"text-align: center;\"><a href=\"https:\/\/haargaard.se\/wp-content\/uploads\/2014\/09\/IMG_01461.jpg\"><img loading=\"lazy\" class=\"alignnone size-medium wp-image-4109\" alt=\"IMG_0146[1]\" src=\"https:\/\/haargaard.se\/wp-content\/uploads\/2014\/09\/IMG_01461-300x225.jpg\" width=\"300\" height=\"225\" srcset=\"https:\/\/haargaard.se\/wp-content\/uploads\/2014\/09\/IMG_01461-300x225.jpg 300w, https:\/\/haargaard.se\/wp-content\/uploads\/2014\/09\/IMG_01461-1024x768.jpg 1024w\" sizes=\"(max-width: 300px) 100vw, 300px\" \/><\/a><\/p>\n","protected":false},"excerpt":{"rendered":"<p>I samlad tropp \u00e5kte vi iv\u00e4g hela familjen f\u00f6r att kolla till att valsedlarna f\u00f6r Piratpartiet till riksdagsvalet fanns framme som de skulle. Jajamensan, \u00e4ven i v\u00e5r egen vallokal stod de i st\u00e4llet bland de andra. Mycket bra placering. Ibland &hellip; <a href=\"https:\/\/haargaard.se\/?p=4108\">Continue reading <span class=\"meta-nav\">&rarr;<\/span><\/a><\/p>\n","protected":false},"author":1,"featured_media":0,"comment_status":"open","ping_status":"open","sticky":false,"template":"","format":"standard","meta":{"spay_email":"","jetpack_publicize_message":"","jetpack_is_tweetstorm":false,"jetpack_publicize_feature_enabled":true},"categories":[1],"tags":[569],"jetpack_featured_media_url":"","jetpack_publicize_connections":[],"jetpack_sharing_enabled":true,"jetpack_shortlink":"https:\/\/wp.me\/s41RA4-4108","_links":{"self":[{"href":"https:\/\/haargaard.se\/index.php?rest_route=\/wp\/v2\/posts\/4108"}],"collection":[{"href":"https:\/\/haargaard.se\/index.php?rest_route=\/wp\/v2\/posts"}],"about":[{"href":"https:\/\/haargaard.se\/index.php?rest_route=\/wp\/v2\/types\/post"}],"author":[{"embeddable":true,"href":"https:\/\/haargaard.se\/index.php?rest_route=\/wp\/v2\/users\/1"}],"replies":[{"embeddable":true,"href":"https:\/\/haargaard.se\/index.php?rest_route=%2Fwp%2Fv2%2Fcomments&post=4108"}],"version-history":[{"count":2,"href":"https:\/\/haargaard.se\/index.php?rest_route=\/wp\/v2\/posts\/4108\/revisions"}],"predecessor-version":[{"id":4111,"href":"https:\/\/haargaard.se\/index.php?rest_route=\/wp\/v2\/posts\/4108\/revisions\/4111"}],"wp:attachment":[{"href":"https:\/\/haargaard.se\/index.php?rest_route=%2Fwp%2Fv2%2Fmedia&parent=4108"}],"wp:term":[{"taxonomy":"category","embeddable":true,"href":"https:\/\/haargaard.se\/index.php?rest_route=%2Fwp%2Fv2%2Fcategories&post=4108"},{"taxonomy":"post_tag","embeddable":true,"href":"https:\/\/haargaard.se\/index.php?rest_route=%2Fwp%2Fv2%2Ftags&post=4108"}],"curies":[{"name":"wp","href":"https:\/\/api.w.org\/{rel}","templated":true}]}}