{"id":4105,"date":"2014-09-14T08:59:14","date_gmt":"2014-09-14T06:59:14","guid":{"rendered":"http:\/\/haargaard.se\/?p=4105"},"modified":"2014-09-14T08:59:14","modified_gmt":"2014-09-14T06:59:14","slug":"premiar-som-valarbetare","status":"publish","type":"post","link":"https:\/\/haargaard.se\/?p=4105","title":{"rendered":"Premi\u00e4r som valarbetare"},"content":{"rendered":"<p style=\"text-align: center;\">D\u00e5 kan jag \u00e4ven titulera mig valarbetare. Har fullgjort mitt \u00e5tagande att f\u00f6rse de tv\u00e5 vallokalerna i Tv\u00e5\u00e5ker med valsedlar f\u00f6r <a href=\"http:\/\/www.piratpartiet.se\/\" target=\"_blank\">Piratpartiet<\/a> till riksdagsvalet. I den f\u00f6rsta tog personalen i vallokalen hand om valsedlarna och skulle placera ut dem tillsammans med de andra. Tar med mig tjugo\u00e5ringen om en stund f\u00f6r att vi ska r\u00f6sta. D\u00e5 passar vi ocks\u00e5 p\u00e5 att kolla s\u00e5 de sk\u00f6tt sig. I den andra vallokalen norpade jag b\u00e4sta platsen, l\u00e4ngst fram. Kommer nog inte vara m\u00e5nga som g\u00e5r ifr\u00e5n den vallokalen utan att \u00e5tminstone ha sett namnet Piratpartiet&#8230; \u00a0\ud83d\ude09<\/p>\n<p style=\"text-align: center;\"><a href=\"https:\/\/haargaard.se\/wp-content\/uploads\/2014\/09\/IMG_01441.jpg\"><img loading=\"lazy\" class=\"alignnone size-medium wp-image-4106\" alt=\"IMG_0144[1]\" src=\"https:\/\/haargaard.se\/wp-content\/uploads\/2014\/09\/IMG_01441-300x225.jpg\" width=\"300\" height=\"225\" srcset=\"https:\/\/haargaard.se\/wp-content\/uploads\/2014\/09\/IMG_01441-300x225.jpg 300w, https:\/\/haargaard.se\/wp-content\/uploads\/2014\/09\/IMG_01441-1024x768.jpg 1024w\" sizes=\"(max-width: 300px) 100vw, 300px\" \/><\/a><\/p>\n","protected":false},"excerpt":{"rendered":"<p>D\u00e5 kan jag \u00e4ven titulera mig valarbetare. Har fullgjort mitt \u00e5tagande att f\u00f6rse de tv\u00e5 vallokalerna i Tv\u00e5\u00e5ker med valsedlar f\u00f6r Piratpartiet till riksdagsvalet. I den f\u00f6rsta tog personalen i vallokalen hand om valsedlarna och skulle placera ut dem tillsammans &hellip; <a href=\"https:\/\/haargaard.se\/?p=4105\">Continue reading <span class=\"meta-nav\">&rarr;<\/span><\/a><\/p>\n","protected":false},"author":1,"featured_media":0,"comment_status":"open","ping_status":"open","sticky":false,"template":"","format":"standard","meta":{"spay_email":"","jetpack_publicize_message":"","jetpack_is_tweetstorm":false,"jetpack_publicize_feature_enabled":true},"categories":[1],"tags":[569],"jetpack_featured_media_url":"","jetpack_publicize_connections":[],"jetpack_sharing_enabled":true,"jetpack_shortlink":"https:\/\/wp.me\/p41RA4-14d","_links":{"self":[{"href":"https:\/\/haargaard.se\/index.php?rest_route=\/wp\/v2\/posts\/4105"}],"collection":[{"href":"https:\/\/haargaard.se\/index.php?rest_route=\/wp\/v2\/posts"}],"about":[{"href":"https:\/\/haargaard.se\/index.php?rest_route=\/wp\/v2\/types\/post"}],"author":[{"embeddable":true,"href":"https:\/\/haargaard.se\/index.php?rest_route=\/wp\/v2\/users\/1"}],"replies":[{"embeddable":true,"href":"https:\/\/haargaard.se\/index.php?rest_route=%2Fwp%2Fv2%2Fcomments&post=4105"}],"version-history":[{"count":1,"href":"https:\/\/haargaard.se\/index.php?rest_route=\/wp\/v2\/posts\/4105\/revisions"}],"predecessor-version":[{"id":4107,"href":"https:\/\/haargaard.se\/index.php?rest_route=\/wp\/v2\/posts\/4105\/revisions\/4107"}],"wp:attachment":[{"href":"https:\/\/haargaard.se\/index.php?rest_route=%2Fwp%2Fv2%2Fmedia&parent=4105"}],"wp:term":[{"taxonomy":"category","embeddable":true,"href":"https:\/\/haargaard.se\/index.php?rest_route=%2Fwp%2Fv2%2Fcategories&post=4105"},{"taxonomy":"post_tag","embeddable":true,"href":"https:\/\/haargaard.se\/index.php?rest_route=%2Fwp%2Fv2%2Ftags&post=4105"}],"curies":[{"name":"wp","href":"https:\/\/api.w.org\/{rel}","templated":true}]}}