{"id":3789,"date":"2014-07-20T11:26:12","date_gmt":"2014-07-20T09:26:12","guid":{"rendered":"http:\/\/haargaard.se\/?p=3789"},"modified":"2014-07-20T11:26:12","modified_gmt":"2014-07-20T09:26:12","slug":"en-datorfri-dag","status":"publish","type":"post","link":"https:\/\/haargaard.se\/?p=3789","title":{"rendered":"En datorfri dag"},"content":{"rendered":"<p style=\"text-align: center;\">Ig\u00e5r hade jag f\u00f6r f\u00f6rsta g\u00e5ngen p\u00e5 jag vet inte hur l\u00e4nge en dag n\u00e4r jag inte startade upp datorn alls. Lite uppkopplad<span style=\"font-size: 16px;\">\u00a0var jag s\u00e5 klart med mobilen men i alla fall.<\/span><\/p>\n<p style=\"text-align: center;\">Satt i skuggan och l\u00e4ste. Bakade <a href=\"https:\/\/haargaard.se\/?p=2687\" target=\"_blank\">fr\u00f6frallor<\/a>, <a href=\"https:\/\/haargaard.se\/?p=2234\" target=\"_blank\">fr\u00f6kn\u00e4cke<\/a> och <a href=\"https:\/\/haargaard.se\/?p=2172\" target=\"_blank\">chokladbollar<\/a>. Var till stranden en liten stund med tio\u00e5ringen och grannarna. Badade(!), vad g\u00f6r jag inte f\u00f6r mina barn&#8230; Inviterade mamma som sen lagade mat (smart drag). St\u00e4dade mitt rum. D\u00e4r var s\u00e5 \u00e4ckligt bakom s\u00e4ngen men nu \u00e4r det rent! Hugo passade p\u00e5 att \u00e4ntligen hitta en bra sovplats p\u00e5 lakanen jag sl\u00e4ngde ut f\u00f6r att skaka f\u00f6re tv\u00e4tt&#8230;<\/p>\n<p style=\"text-align: center;\"><a href=\"https:\/\/haargaard.se\/wp-content\/uploads\/2014\/07\/IMG_94951.jpg\"><img loading=\"lazy\" class=\"alignnone size-medium wp-image-3792\" alt=\"IMG_9495[1]\" src=\"https:\/\/haargaard.se\/wp-content\/uploads\/2014\/07\/IMG_94951-300x225.jpg\" width=\"300\" height=\"225\" srcset=\"https:\/\/haargaard.se\/wp-content\/uploads\/2014\/07\/IMG_94951-300x225.jpg 300w, https:\/\/haargaard.se\/wp-content\/uploads\/2014\/07\/IMG_94951-1024x768.jpg 1024w\" sizes=\"(max-width: 300px) 100vw, 300px\" \/><\/a><\/p>\n<p style=\"text-align: center;\">Sen, kors i taket, k\u00e5nkade jag fram cirkels\u00e5gen, reka<span style=\"font-size: 16px;\">de material ute i ladan och satte ig\u00e5ng att bygga flugd\u00f6rrar.<\/span><\/p>\n<p><a style=\"color: #ff4b33; line-height: 21.81818199157715px;\" href=\"https:\/\/haargaard.se\/wp-content\/uploads\/2014\/07\/image.jpg\"><img loading=\"lazy\" class=\"alignnone size-medium wp-image-3790 aligncenter\" alt=\"image\" src=\"https:\/\/haargaard.se\/wp-content\/uploads\/2014\/07\/image-300x225.jpg\" width=\"300\" height=\"225\" srcset=\"https:\/\/haargaard.se\/wp-content\/uploads\/2014\/07\/image-300x225.jpg 300w, https:\/\/haargaard.se\/wp-content\/uploads\/2014\/07\/image-1024x768.jpg 1024w\" sizes=\"(max-width: 300px) 100vw, 300px\" \/><\/a><\/p>\n<p style=\"text-align: center;\">Det har varit en att g\u00f6rasak i \u00e5ratal men nu \u00e4ntligen fick jag tummen ur. Tanken \u00e4r att vara f\u00f6rberedd inf\u00f6r den stora fluginvasionen som brukar komma lite senare under sommaren. Rekade inte innan utan det fick bli lite trial and error och sl\u00e4ngde ihop tv\u00e5 ramar, en till ytterd\u00f6rren och en till altand\u00f6rren. Hade t\u00e4nkt kl\u00e4 dem med tyg men Hugo och diverse katter satte effektivt stopp f\u00f6r det genom att snabbt i ett obevakat \u00f6gonblick ockupera och smutsa ner projektet. F\u00e5r bli en tv\u00e4tt av tyget f\u00f6rst&#8230; Det kanske inte var s\u00e5 dumt med lite prokrastinering av just det momentet. Det kanske \u00e4r bra att fixa g\u00e5ngj\u00e4rnen f\u00f6rst och se s\u00e5 att ramarna f\u00e5r plats innan tyget h\u00e4ftas p\u00e5. Framf\u00f6rallt ramen till ytterd\u00f6rren kan vara n\u00e5gon halv centimeter f\u00f6r bred.<\/p>\n<p style=\"text-align: center;\"><a href=\"https:\/\/haargaard.se\/wp-content\/uploads\/2014\/07\/IMG_94911.jpg\"><img loading=\"lazy\" class=\"alignnone size-medium wp-image-3791\" alt=\"IMG_9491[1]\" src=\"https:\/\/haargaard.se\/wp-content\/uploads\/2014\/07\/IMG_94911-300x225.jpg\" width=\"300\" height=\"225\" srcset=\"https:\/\/haargaard.se\/wp-content\/uploads\/2014\/07\/IMG_94911-300x225.jpg 300w, https:\/\/haargaard.se\/wp-content\/uploads\/2014\/07\/IMG_94911-1024x768.jpg 1024w\" sizes=\"(max-width: 300px) 100vw, 300px\" \/><\/a><\/p>\n<p>&nbsp;<\/p>\n","protected":false},"excerpt":{"rendered":"<p>Ig\u00e5r hade jag f\u00f6r f\u00f6rsta g\u00e5ngen p\u00e5 jag vet inte hur l\u00e4nge en dag n\u00e4r jag inte startade upp datorn alls. Lite uppkopplad\u00a0var jag s\u00e5 klart med mobilen men i alla fall. Satt i skuggan och l\u00e4ste. Bakade fr\u00f6frallor, fr\u00f6kn\u00e4cke &hellip; <a href=\"https:\/\/haargaard.se\/?p=3789\">Continue reading <span class=\"meta-nav\">&rarr;<\/span><\/a><\/p>\n","protected":false},"author":1,"featured_media":0,"comment_status":"open","ping_status":"open","sticky":false,"template":"","format":"standard","meta":{"spay_email":"","jetpack_publicize_message":"","jetpack_is_tweetstorm":false,"jetpack_publicize_feature_enabled":true},"categories":[10],"tags":[],"jetpack_featured_media_url":"","jetpack_publicize_connections":[],"jetpack_sharing_enabled":true,"jetpack_shortlink":"https:\/\/wp.me\/p41RA4-Z7","_links":{"self":[{"href":"https:\/\/haargaard.se\/index.php?rest_route=\/wp\/v2\/posts\/3789"}],"collection":[{"href":"https:\/\/haargaard.se\/index.php?rest_route=\/wp\/v2\/posts"}],"about":[{"href":"https:\/\/haargaard.se\/index.php?rest_route=\/wp\/v2\/types\/post"}],"author":[{"embeddable":true,"href":"https:\/\/haargaard.se\/index.php?rest_route=\/wp\/v2\/users\/1"}],"replies":[{"embeddable":true,"href":"https:\/\/haargaard.se\/index.php?rest_route=%2Fwp%2Fv2%2Fcomments&post=3789"}],"version-history":[{"count":1,"href":"https:\/\/haargaard.se\/index.php?rest_route=\/wp\/v2\/posts\/3789\/revisions"}],"predecessor-version":[{"id":3793,"href":"https:\/\/haargaard.se\/index.php?rest_route=\/wp\/v2\/posts\/3789\/revisions\/3793"}],"wp:attachment":[{"href":"https:\/\/haargaard.se\/index.php?rest_route=%2Fwp%2Fv2%2Fmedia&parent=3789"}],"wp:term":[{"taxonomy":"category","embeddable":true,"href":"https:\/\/haargaard.se\/index.php?rest_route=%2Fwp%2Fv2%2Fcategories&post=3789"},{"taxonomy":"post_tag","embeddable":true,"href":"https:\/\/haargaard.se\/index.php?rest_route=%2Fwp%2Fv2%2Ftags&post=3789"}],"curies":[{"name":"wp","href":"https:\/\/api.w.org\/{rel}","templated":true}]}}