{"id":3085,"date":"2014-04-13T22:47:38","date_gmt":"2014-04-13T20:47:38","guid":{"rendered":"http:\/\/haargaard.se\/?p=3085"},"modified":"2014-04-13T22:47:38","modified_gmt":"2014-04-13T20:47:38","slug":"penseerna-kom-i-jord-till-slut","status":"publish","type":"post","link":"https:\/\/haargaard.se\/?p=3085","title":{"rendered":"Pens\u00e9erna kom i jord till slut"},"content":{"rendered":"<p style=\"text-align: center;\">Se d\u00e4r, det tog ett tag men nu kom de flesta av pens\u00e9erna jag k\u00f6pte f\u00f6r ett par veckor sen i jord. Ska h\u00e4mta mamma p\u00e5 Landvetter imorgon kv\u00e4ll efter en vinter p\u00e5 Cypern. T\u00e4nkte det kunde vara trevligt att st\u00e4lla en liten blomma utanf\u00f6r d\u00f6rren f\u00f6r henne att komma hem till. \u00c5terst\u00e5r att komma ih\u00e5g att ta med den imorgon bitti och dessutom komma ih\u00e5g att dumpa den utanf\u00f6r mammas d\u00f6rr p\u00e5 v\u00e4gen till jobbet. Av bara farten kom det n\u00e5gra i jord h\u00e4r hemma ocks\u00e5. Inte bara planterade utan de fick t o m vatten&#8230;<\/p>\n<p style=\"text-align: center;\"><a href=\"https:\/\/haargaard.se\/wp-content\/uploads\/2014\/04\/IMG_80741.jpg\"><img loading=\"lazy\" class=\"alignnone size-medium wp-image-3086\" alt=\"IMG_8074[1]\" src=\"https:\/\/haargaard.se\/wp-content\/uploads\/2014\/04\/IMG_80741-300x225.jpg\" width=\"300\" height=\"225\" srcset=\"https:\/\/haargaard.se\/wp-content\/uploads\/2014\/04\/IMG_80741-300x225.jpg 300w, https:\/\/haargaard.se\/wp-content\/uploads\/2014\/04\/IMG_80741-1024x768.jpg 1024w\" sizes=\"(max-width: 300px) 100vw, 300px\" \/><\/a> <a href=\"https:\/\/haargaard.se\/wp-content\/uploads\/2014\/04\/IMG_80771.jpg\"><img loading=\"lazy\" class=\"alignnone size-medium wp-image-3087\" alt=\"IMG_8077[1]\" src=\"https:\/\/haargaard.se\/wp-content\/uploads\/2014\/04\/IMG_80771-300x225.jpg\" width=\"300\" height=\"225\" srcset=\"https:\/\/haargaard.se\/wp-content\/uploads\/2014\/04\/IMG_80771-300x225.jpg 300w, https:\/\/haargaard.se\/wp-content\/uploads\/2014\/04\/IMG_80771-1024x768.jpg 1024w\" sizes=\"(max-width: 300px) 100vw, 300px\" \/><\/a><\/p>\n","protected":false},"excerpt":{"rendered":"<p>Se d\u00e4r, det tog ett tag men nu kom de flesta av pens\u00e9erna jag k\u00f6pte f\u00f6r ett par veckor sen i jord. Ska h\u00e4mta mamma p\u00e5 Landvetter imorgon kv\u00e4ll efter en vinter p\u00e5 Cypern. T\u00e4nkte det kunde vara trevligt att &hellip; <a href=\"https:\/\/haargaard.se\/?p=3085\">Continue reading <span class=\"meta-nav\">&rarr;<\/span><\/a><\/p>\n","protected":false},"author":1,"featured_media":0,"comment_status":"open","ping_status":"open","sticky":false,"template":"","format":"standard","meta":{"spay_email":"","jetpack_publicize_message":"","jetpack_is_tweetstorm":false,"jetpack_publicize_feature_enabled":true},"categories":[498,8,6],"tags":[699,672,671],"jetpack_featured_media_url":"","jetpack_publicize_connections":[],"jetpack_sharing_enabled":true,"jetpack_shortlink":"https:\/\/wp.me\/p41RA4-NL","_links":{"self":[{"href":"https:\/\/haargaard.se\/index.php?rest_route=\/wp\/v2\/posts\/3085"}],"collection":[{"href":"https:\/\/haargaard.se\/index.php?rest_route=\/wp\/v2\/posts"}],"about":[{"href":"https:\/\/haargaard.se\/index.php?rest_route=\/wp\/v2\/types\/post"}],"author":[{"embeddable":true,"href":"https:\/\/haargaard.se\/index.php?rest_route=\/wp\/v2\/users\/1"}],"replies":[{"embeddable":true,"href":"https:\/\/haargaard.se\/index.php?rest_route=%2Fwp%2Fv2%2Fcomments&post=3085"}],"version-history":[{"count":1,"href":"https:\/\/haargaard.se\/index.php?rest_route=\/wp\/v2\/posts\/3085\/revisions"}],"predecessor-version":[{"id":3088,"href":"https:\/\/haargaard.se\/index.php?rest_route=\/wp\/v2\/posts\/3085\/revisions\/3088"}],"wp:attachment":[{"href":"https:\/\/haargaard.se\/index.php?rest_route=%2Fwp%2Fv2%2Fmedia&parent=3085"}],"wp:term":[{"taxonomy":"category","embeddable":true,"href":"https:\/\/haargaard.se\/index.php?rest_route=%2Fwp%2Fv2%2Fcategories&post=3085"},{"taxonomy":"post_tag","embeddable":true,"href":"https:\/\/haargaard.se\/index.php?rest_route=%2Fwp%2Fv2%2Ftags&post=3085"}],"curies":[{"name":"wp","href":"https:\/\/api.w.org\/{rel}","templated":true}]}}