{"id":2820,"date":"2014-03-09T18:55:11","date_gmt":"2014-03-09T16:55:11","guid":{"rendered":"http:\/\/haargaard.se\/?p=2820"},"modified":"2014-03-09T18:55:11","modified_gmt":"2014-03-09T16:55:11","slug":"apropa-det-dar-med-att-kommentera-utseende","status":"publish","type":"post","link":"https:\/\/haargaard.se\/?p=2820","title":{"rendered":"Aprop\u00e5 det d\u00e4r med att kommentera utseende"},"content":{"rendered":"<p style=\"text-align: center;\">Det florerar en del &#8220;k\u00e4cka&#8221; bilder p\u00e5 sociala medier med texter som summa summarum g\u00e5r ut p\u00e5 att det \u00e4r d\u00e5ligt att vara benig, dvs smal, f\u00f6r karlar gillar n\u00e4r det \u00e4r n\u00e5got att ta i. Har lite sv\u00e5rt att f\u00f6rst\u00e5 att motelden mot f\u00f6rutfattade meningar om att vara tjock ist\u00e4llet blir att g\u00e5 till angrepp mot dem som nu r\u00e5kar vara smala. Blir det mindre elakt att \u00f6ppet nedv\u00e4rdera smala \u00e4n tjocka..? Det finns f\u00f6rmodligen lika m\u00e5nga smala som tjocka som blir ledsna \u00f6ver elaka kommentarer. Varf\u00f6r kan vi inte bara f\u00e5 se ut som vi g\u00f6r utan en massa kommentarer, f\u00f6rdomar eller f\u00f6rutfattade meningar om hur vi borde vara..?<\/p>\n<p style=\"text-align: center;\">Du vet inte vilka inre krig mottagaren av kommentaren f\u00f6r&#8230;<\/p>\n<p style=\"text-align: center;\">Sist jag tog upp \u00e4mnet om <a href=\"https:\/\/haargaard.se\/?p=211\" target=\"_blank\">snedvridna sk\u00f6nhetsideal<\/a> var det tv\u00e4rtom, d\u00e5 var det anorektisk smala vi alla tydligen ska str\u00e4va efter att bli f\u00f6r att vackert.<\/p>\n<p style=\"text-align: center;\">Vi lever i en tid med oerh\u00f6rt knepiga sk\u00f6nhetsideal som \u00e4r i stort sett om\u00f6jliga att leva upp till. L\u00e5t oss en g\u00e5ng f\u00f6r alla bara skita i dem och se respektive individ som den m\u00e4nniska de \u00e4r. Vi har alla n\u00e5got vackert och duger precis som vi \u00e4r med de skavanker vi har!<\/p>\n<p style=\"text-align: center;\">K\u00e4rlek!<\/p>\n","protected":false},"excerpt":{"rendered":"<p>Det florerar en del &#8220;k\u00e4cka&#8221; bilder p\u00e5 sociala medier med texter som summa summarum g\u00e5r ut p\u00e5 att det \u00e4r d\u00e5ligt att vara benig, dvs smal, f\u00f6r karlar gillar n\u00e4r det \u00e4r n\u00e5got att ta i. Har lite sv\u00e5rt att &hellip; <a href=\"https:\/\/haargaard.se\/?p=2820\">Continue reading <span class=\"meta-nav\">&rarr;<\/span><\/a><\/p>\n","protected":false},"author":1,"featured_media":0,"comment_status":"open","ping_status":"open","sticky":false,"template":"","format":"standard","meta":{"spay_email":"","jetpack_publicize_message":"","jetpack_is_tweetstorm":false,"jetpack_publicize_feature_enabled":true},"categories":[498],"tags":[699],"jetpack_featured_media_url":"","jetpack_publicize_connections":[],"jetpack_sharing_enabled":true,"jetpack_shortlink":"https:\/\/wp.me\/p41RA4-Ju","_links":{"self":[{"href":"https:\/\/haargaard.se\/index.php?rest_route=\/wp\/v2\/posts\/2820"}],"collection":[{"href":"https:\/\/haargaard.se\/index.php?rest_route=\/wp\/v2\/posts"}],"about":[{"href":"https:\/\/haargaard.se\/index.php?rest_route=\/wp\/v2\/types\/post"}],"author":[{"embeddable":true,"href":"https:\/\/haargaard.se\/index.php?rest_route=\/wp\/v2\/users\/1"}],"replies":[{"embeddable":true,"href":"https:\/\/haargaard.se\/index.php?rest_route=%2Fwp%2Fv2%2Fcomments&post=2820"}],"version-history":[{"count":1,"href":"https:\/\/haargaard.se\/index.php?rest_route=\/wp\/v2\/posts\/2820\/revisions"}],"predecessor-version":[{"id":2821,"href":"https:\/\/haargaard.se\/index.php?rest_route=\/wp\/v2\/posts\/2820\/revisions\/2821"}],"wp:attachment":[{"href":"https:\/\/haargaard.se\/index.php?rest_route=%2Fwp%2Fv2%2Fmedia&parent=2820"}],"wp:term":[{"taxonomy":"category","embeddable":true,"href":"https:\/\/haargaard.se\/index.php?rest_route=%2Fwp%2Fv2%2Fcategories&post=2820"},{"taxonomy":"post_tag","embeddable":true,"href":"https:\/\/haargaard.se\/index.php?rest_route=%2Fwp%2Fv2%2Ftags&post=2820"}],"curies":[{"name":"wp","href":"https:\/\/api.w.org\/{rel}","templated":true}]}}