{"id":2660,"date":"2014-02-20T22:46:10","date_gmt":"2014-02-20T20:46:10","guid":{"rendered":"http:\/\/haargaard.se\/?p=2660"},"modified":"2014-02-20T22:47:34","modified_gmt":"2014-02-20T20:47:34","slug":"hogkanslig-personlighet","status":"publish","type":"post","link":"https:\/\/haargaard.se\/?p=2660","title":{"rendered":"H\u00f6gk\u00e4nslig personlighet"},"content":{"rendered":"<p style=\"text-align: center;\">Kom i kontakt med begreppet h\u00f6gk\u00e4nslig personlighet n\u00e4r jag b\u00f6rjade l\u00e4sa <a href=\"http:\/\/www.bokus.com\/bok\/9789127134805\/tyst-de-introvertas-betydelse-i-ett-samhalle-dar-alla-hors-och-syns\/\" target=\"_blank\">Susan Cains bok <em>Tyst &#8211; De introvertas betydelse i ett samh\u00e4lle d\u00e4r alla h\u00f6rs och syns<\/em><\/a> f\u00f6r ett par veckor sedan. Ytterligare ett begrepp f\u00f6rutom introvert inom \u00e4mnet personlighet. Det \u00e4r viktigt att vi f\u00e5r vara dem vi \u00e4r och accepterade f\u00f6r just den person vi representerar.<\/p>\n<p style=\"text-align: center;\">Samlar h\u00e4r l\u00e4nkar f\u00f6r att l\u00e4sa mer.<\/p>\n<p style=\"text-align: center;\">En artikel av <a href=\"http:\/\/aspekt.nu\/2013-03-21\/hogkanslig-personlighet\/\" target=\"_blank\">Angelica Larsson, Aspekt.nu, <em>H\u00f6gk\u00e4nslig personlighet<\/em><\/a>.<\/p>\n<p style=\"text-align: center;\"><a href=\"http:\/\/www.hsperson.se\/17801.html\" target=\"_blank\">Sveriges f\u00f6rening f\u00f6r h\u00f6gk\u00e4nsliga personer (SFH) kommer du till h\u00e4r.<\/a><\/p>\n<p style=\"text-align: center;\">SFH har ett test f\u00f6r att se om du platsar som h\u00f6gk\u00e4nslig. H\u00e4r finns <a href=\"http:\/\/www.hsperson.se\/49001.html\" target=\"_blank\">att l\u00e4sa om testet<\/a>. H\u00e4r kommer du <a href=\"http:\/\/www.hsperson.se\/media\/5e2083fe71ad8bc7ffff8451a426365.pdf\" target=\"_blank\">till testet<\/a>.<\/p>\n<p style=\"text-align: center;\">Ilse Sand, en dansk psykoterapeut och teolog, har en <a href=\"http:\/\/www.sensitiv-hsp.se\/\" target=\"_blank\">hemsida d\u00e4r du kan l\u00e4sa mer om h\u00f6gsensitiva personer<\/a>. H\u00e4r finns ocks\u00e5 ytterligare ett lite utf\u00f6rligare\u00a0<a href=\"http:\/\/www.sensitiv-hsp.se\/hsp-test\/\" target=\"_blank\">test f\u00f6r att se om du kan vara h\u00f6gsensitiv<\/a>. Sj\u00e4lv fick jag ungef\u00e4r 76.<\/p>\n<p style=\"text-align: center;\">\n","protected":false},"excerpt":{"rendered":"<p>Kom i kontakt med begreppet h\u00f6gk\u00e4nslig personlighet n\u00e4r jag b\u00f6rjade l\u00e4sa Susan Cains bok Tyst &#8211; De introvertas betydelse i ett samh\u00e4lle d\u00e4r alla h\u00f6rs och syns f\u00f6r ett par veckor sedan. Ytterligare ett begrepp f\u00f6rutom introvert inom \u00e4mnet personlighet. &hellip; <a href=\"https:\/\/haargaard.se\/?p=2660\">Continue reading <span class=\"meta-nav\">&rarr;<\/span><\/a><\/p>\n","protected":false},"author":1,"featured_media":0,"comment_status":"open","ping_status":"open","sticky":false,"template":"","format":"standard","meta":{"spay_email":"","jetpack_publicize_message":"","jetpack_is_tweetstorm":false,"jetpack_publicize_feature_enabled":true},"categories":[437],"tags":[490,694,436],"jetpack_featured_media_url":"","jetpack_publicize_connections":[],"jetpack_sharing_enabled":true,"jetpack_shortlink":"https:\/\/wp.me\/p41RA4-GU","_links":{"self":[{"href":"https:\/\/haargaard.se\/index.php?rest_route=\/wp\/v2\/posts\/2660"}],"collection":[{"href":"https:\/\/haargaard.se\/index.php?rest_route=\/wp\/v2\/posts"}],"about":[{"href":"https:\/\/haargaard.se\/index.php?rest_route=\/wp\/v2\/types\/post"}],"author":[{"embeddable":true,"href":"https:\/\/haargaard.se\/index.php?rest_route=\/wp\/v2\/users\/1"}],"replies":[{"embeddable":true,"href":"https:\/\/haargaard.se\/index.php?rest_route=%2Fwp%2Fv2%2Fcomments&post=2660"}],"version-history":[{"count":2,"href":"https:\/\/haargaard.se\/index.php?rest_route=\/wp\/v2\/posts\/2660\/revisions"}],"predecessor-version":[{"id":2662,"href":"https:\/\/haargaard.se\/index.php?rest_route=\/wp\/v2\/posts\/2660\/revisions\/2662"}],"wp:attachment":[{"href":"https:\/\/haargaard.se\/index.php?rest_route=%2Fwp%2Fv2%2Fmedia&parent=2660"}],"wp:term":[{"taxonomy":"category","embeddable":true,"href":"https:\/\/haargaard.se\/index.php?rest_route=%2Fwp%2Fv2%2Fcategories&post=2660"},{"taxonomy":"post_tag","embeddable":true,"href":"https:\/\/haargaard.se\/index.php?rest_route=%2Fwp%2Fv2%2Ftags&post=2660"}],"curies":[{"name":"wp","href":"https:\/\/api.w.org\/{rel}","templated":true}]}}