{"id":2505,"date":"2014-02-02T00:01:20","date_gmt":"2014-02-01T22:01:20","guid":{"rendered":"http:\/\/haargaard.se\/?p=2505"},"modified":"2014-02-02T00:02:14","modified_gmt":"2014-02-01T22:02:14","slug":"2505","status":"publish","type":"post","link":"https:\/\/haargaard.se\/?p=2505","title":{"rendered":"Fullt i lokalen"},"content":{"rendered":"<p style=\"text-align: center;\">Det har varit en tung vecka. En mycket tung vecka. Men, det har stormat och riskerat att kapsejsa f\u00f6rr. M\u00e5nga g\u00e5nger, mer eller mindre allvarligt. \u00c4ven detta ska v\u00e4l bl\u00e5sa \u00f6ver s\u00e5 att vi kan f\u00e5 lugn och ro igen.<\/p>\n<p style=\"text-align: center;\">Idag kl 10 p\u00e5 fm var det s\u00e5 \u00e4ntligen dags f\u00f6r det stora skarpa informationsm\u00f6tet f\u00f6r fiberns vara eller inte vara. Har varit mycket fixande, r\u00e4knande och f\u00f6rberedande inf\u00f6r det. Styrelsen har entr\u00e4get jobbat p\u00e5 i tv\u00e5 \u00e5r nu med ett r\u00e4tt svalt intresse i upptagningsomr\u00e5det. P\u00e5 det f\u00f6rra informationsm\u00f6tet vi hade i b\u00f6rjan tror jag att det kom 22 personer. K\u00e4ndes v\u00e4ldig os\u00e4kert hur deltagandet skulle bli idag. Det blev en fantastisk uppslutning. Det dr\u00e4llde in folk s\u00e5 att lokalen blev full och vi fick plocka fram extrastolar, ca 90 personer. Fantastiskt roligt att det \u00e4ntligen visas intresse! Tur jag k\u00e4nner mig hemtam med att prata inf\u00f6r folk&#8230; Blev ett l\u00e5ngt och mycket informativt m\u00f6te med mycket fr\u00e5gor. N\u00e4stan tre timmar och de flesta var kvar \u00e4nda till slutet. Det k\u00e4nns t o m som att vi faktiskt skulle kunna g\u00e5 i m\u00e5l. I s f har vi fiber indraget i huset innan vintern. Bara att k\u00e4mpa p\u00e5!<\/p>\n<p style=\"text-align: center;\">I alla fall lovade jag mig sj\u00e4lv att jag efter att ha tvingat mig att st\u00e5 p\u00e5 benen hela veckan och urladdningen efter h\u00e4r m\u00f6tet skulle vara sn\u00e4ll mot mig sj\u00e4lv och vila. Hade t\u00e4nkt att jag skulle f\u00f6rsjunka i boken \u00a0<a href=\"http:\/\/www.bokus.com\/bok\/9789127134805\/tyst-de-introvertas-betydelse-i-ett-samhalle-dar-alla-hors-och-syns\/\" target=\"_blank\">Susanne Cain skrivit &#8220;Tyst De introvertas betydelse i ett samh\u00e4lle d\u00e4r alla h\u00f6rs och syns&#8221;<\/a>. B\u00f6rjade f\u00f6rra helgen. Hann inte s\u00e5 l\u00e5ngt men det jag hann l\u00e4sa var verkligen igenk\u00e4nnande. Blev inte som jag t\u00e4nkte mig idag heller men imorgon, d\u00e5 ska jag l\u00e4sa! Nackdelen med att l\u00e5na b\u00f6cker p\u00e5 bibblan \u00e4r att de d\u00e4r l\u00e5neveckorna g\u00e5r s\u00e5 fort och jag har f\u00f6r det mesta en del annat att pyssla med ocks\u00e5&#8230;<\/p>\n<p style=\"text-align: center;\"><a href=\"https:\/\/haargaard.se\/wp-content\/uploads\/2014\/02\/IMG_70281.jpg\"><img loading=\"lazy\" class=\"alignnone size-medium wp-image-2506\" alt=\"IMG_7028[1]\" src=\"https:\/\/haargaard.se\/wp-content\/uploads\/2014\/02\/IMG_70281-300x225.jpg\" width=\"300\" height=\"225\" srcset=\"https:\/\/haargaard.se\/wp-content\/uploads\/2014\/02\/IMG_70281-300x225.jpg 300w, https:\/\/haargaard.se\/wp-content\/uploads\/2014\/02\/IMG_70281-1024x768.jpg 1024w\" sizes=\"(max-width: 300px) 100vw, 300px\" \/><\/a><\/p>\n<p style=\"text-align: center;\">\n","protected":false},"excerpt":{"rendered":"<p>Det har varit en tung vecka. En mycket tung vecka. Men, det har stormat och riskerat att kapsejsa f\u00f6rr. M\u00e5nga g\u00e5nger, mer eller mindre allvarligt. \u00c4ven detta ska v\u00e4l bl\u00e5sa \u00f6ver s\u00e5 att vi kan f\u00e5 lugn och ro igen. &hellip; <a href=\"https:\/\/haargaard.se\/?p=2505\">Continue reading <span class=\"meta-nav\">&rarr;<\/span><\/a><\/p>\n","protected":false},"author":1,"featured_media":0,"comment_status":"open","ping_status":"open","sticky":false,"template":"","format":"standard","meta":{"spay_email":"","jetpack_publicize_message":"","jetpack_is_tweetstorm":false,"jetpack_publicize_feature_enabled":true},"categories":[437],"tags":[],"jetpack_featured_media_url":"","jetpack_publicize_connections":[],"jetpack_sharing_enabled":true,"jetpack_shortlink":"https:\/\/wp.me\/s41RA4-2505","_links":{"self":[{"href":"https:\/\/haargaard.se\/index.php?rest_route=\/wp\/v2\/posts\/2505"}],"collection":[{"href":"https:\/\/haargaard.se\/index.php?rest_route=\/wp\/v2\/posts"}],"about":[{"href":"https:\/\/haargaard.se\/index.php?rest_route=\/wp\/v2\/types\/post"}],"author":[{"embeddable":true,"href":"https:\/\/haargaard.se\/index.php?rest_route=\/wp\/v2\/users\/1"}],"replies":[{"embeddable":true,"href":"https:\/\/haargaard.se\/index.php?rest_route=%2Fwp%2Fv2%2Fcomments&post=2505"}],"version-history":[{"count":2,"href":"https:\/\/haargaard.se\/index.php?rest_route=\/wp\/v2\/posts\/2505\/revisions"}],"predecessor-version":[{"id":2508,"href":"https:\/\/haargaard.se\/index.php?rest_route=\/wp\/v2\/posts\/2505\/revisions\/2508"}],"wp:attachment":[{"href":"https:\/\/haargaard.se\/index.php?rest_route=%2Fwp%2Fv2%2Fmedia&parent=2505"}],"wp:term":[{"taxonomy":"category","embeddable":true,"href":"https:\/\/haargaard.se\/index.php?rest_route=%2Fwp%2Fv2%2Fcategories&post=2505"},{"taxonomy":"post_tag","embeddable":true,"href":"https:\/\/haargaard.se\/index.php?rest_route=%2Fwp%2Fv2%2Ftags&post=2505"}],"curies":[{"name":"wp","href":"https:\/\/api.w.org\/{rel}","templated":true}]}}