{"id":240,"date":"2012-12-08T23:38:00","date_gmt":"2012-12-08T21:38:00","guid":{"rendered":"http:\/\/haargaard.se\/?p=240"},"modified":"2012-12-08T23:38:00","modified_gmt":"2012-12-08T21:38:00","slug":"trangt-i-soffan","status":"publish","type":"post","link":"https:\/\/haargaard.se\/?p=240","title":{"rendered":"Tr\u00e5ngt i soffan"},"content":{"rendered":"<div>Nog f\u00f6r att det brukar vara r\u00e4tt tr\u00e5ngt i soffan h\u00e4r i rucklet men ikv\u00e4ll vill jag nog p\u00e5st\u00e5 att det rent av var \u00f6verbefolkat&#8230; folk och f\u00e4 mest \u00f6verallt. Sk\u00f6nt med n\u00e4rhet och k\u00e4rlek n\u00e4r det \u00e4r n\u00e5got kyligt inne.<\/div>\n<div><\/div>\n<p><\/p>\n<table align=\"center\" cellpadding=\"0\" cellspacing=\"0\">\n<tbody>\n<tr>\n<td><a href=\"http:\/\/4.bp.blogspot.com\/-SIZrzvQHSPU\/UMOxQJJlr4I\/AAAAAAAAXO0\/GrER4qRSCj8\/s1600\/IMG_7052%5B1%5D.JPG\" imageanchor=\"1\"><img loading=\"lazy\" border=\"0\" height=\"240\" src=\"http:\/\/4.bp.blogspot.com\/-SIZrzvQHSPU\/UMOxQJJlr4I\/AAAAAAAAXO0\/GrER4qRSCj8\/s320\/IMG_7052%5B1%5D.JPG\" width=\"320\"><\/a><\/td>\n<\/tr>\n<tr>\n<td>Jag och lilleman, katterna Stina och S\u00f6ren, hundarna Buddha och Fille.<\/td>\n<\/tr>\n<\/tbody>\n<\/table>\n<div>\u00a0Det h\u00e4r goset med barn och djur \u00e4r s\u00e5 h\u00e4rligt. B\u00e5de att uppleva och att se. N\u00e4rhet och k\u00e4rlek, Fille och lilleman har det mysigt.<\/div>\n<p><\/p>\n<table align=\"center\" cellpadding=\"0\" cellspacing=\"0\">\n<tbody>\n<tr>\n<td><a href=\"http:\/\/2.bp.blogspot.com\/-kshjYVRzHT8\/UMOxna-q49I\/AAAAAAAAXO8\/Oy4K0zJ99zQ\/s1600\/IMG_7047%5B1%5D.JPG\" imageanchor=\"1\"><img loading=\"lazy\" border=\"0\" height=\"320\" src=\"http:\/\/2.bp.blogspot.com\/-kshjYVRzHT8\/UMOxna-q49I\/AAAAAAAAXO8\/Oy4K0zJ99zQ\/s320\/IMG_7047%5B1%5D.JPG\" width=\"240\"><\/a><\/td>\n<\/tr>\n<tr>\n<td>Fille och lilleman har kv\u00e4llsgos p\u00e5 h\u00f6g niv\u00e5.<\/td>\n<\/tr>\n<\/tbody>\n<\/table>\n<p><\/p>\n","protected":false},"excerpt":{"rendered":"<p>Nog f\u00f6r att det brukar vara r\u00e4tt tr\u00e5ngt i soffan h\u00e4r i rucklet men ikv\u00e4ll vill jag nog p\u00e5st\u00e5 att det rent av var \u00f6verbefolkat&#8230; folk och f\u00e4 mest \u00f6verallt. Sk\u00f6nt med n\u00e4rhet och k\u00e4rlek n\u00e4r det \u00e4r n\u00e5got kyligt &hellip; <a href=\"https:\/\/haargaard.se\/?p=240\">Continue reading <span class=\"meta-nav\">&rarr;<\/span><\/a><\/p>\n","protected":false},"author":1,"featured_media":0,"comment_status":"open","ping_status":"open","sticky":false,"template":"","format":"standard","meta":{"spay_email":"","jetpack_publicize_message":"","jetpack_is_tweetstorm":false,"jetpack_publicize_feature_enabled":true},"categories":[1],"tags":[],"jetpack_featured_media_url":"","jetpack_publicize_connections":[],"jetpack_sharing_enabled":true,"jetpack_shortlink":"https:\/\/wp.me\/p41RA4-3S","_links":{"self":[{"href":"https:\/\/haargaard.se\/index.php?rest_route=\/wp\/v2\/posts\/240"}],"collection":[{"href":"https:\/\/haargaard.se\/index.php?rest_route=\/wp\/v2\/posts"}],"about":[{"href":"https:\/\/haargaard.se\/index.php?rest_route=\/wp\/v2\/types\/post"}],"author":[{"embeddable":true,"href":"https:\/\/haargaard.se\/index.php?rest_route=\/wp\/v2\/users\/1"}],"replies":[{"embeddable":true,"href":"https:\/\/haargaard.se\/index.php?rest_route=%2Fwp%2Fv2%2Fcomments&post=240"}],"version-history":[{"count":0,"href":"https:\/\/haargaard.se\/index.php?rest_route=\/wp\/v2\/posts\/240\/revisions"}],"wp:attachment":[{"href":"https:\/\/haargaard.se\/index.php?rest_route=%2Fwp%2Fv2%2Fmedia&parent=240"}],"wp:term":[{"taxonomy":"category","embeddable":true,"href":"https:\/\/haargaard.se\/index.php?rest_route=%2Fwp%2Fv2%2Fcategories&post=240"},{"taxonomy":"post_tag","embeddable":true,"href":"https:\/\/haargaard.se\/index.php?rest_route=%2Fwp%2Fv2%2Ftags&post=240"}],"curies":[{"name":"wp","href":"https:\/\/api.w.org\/{rel}","templated":true}]}}