{"id":239,"date":"2012-12-10T20:40:00","date_gmt":"2012-12-10T18:40:00","guid":{"rendered":"http:\/\/haargaard.se\/?p=239"},"modified":"2012-12-10T20:40:00","modified_gmt":"2012-12-10T18:40:00","slug":"en-sorgens-dag-alskade-sune-finns-inte-mer","status":"publish","type":"post","link":"https:\/\/haargaard.se\/?p=239","title":{"rendered":"En sorgens dag, \u00e4lskade Sune finns inte mer"},"content":{"rendered":"<p>Det \u00e4r en dag med stor och tung sorg i rucklet idag. V\u00e5r \u00e4lskade, underbara och goaste kisse Sune finns inte mer. Ton\u00e5ringen hittade honom d\u00f6d i soffan i morse, ihj\u00e4lbiten av monsterhundarna.\u00a0Det g\u00f6r s\u00e5 ont i hj\u00e4rtat att det \u00e4r sv\u00e5rt att andas.<\/p>\n<p>Det g\u00f6r ont f\u00f6r att jag saknar katten s\u00e5. Det speciella trampandet n\u00e4r han kom g\u00e5ende \u00f6ver golvet. Hans kr\u00e4vande mjauande n\u00e4r han skulle bli upplyft till maten. Hans alldeles underbara personlighet.<\/p>\n<p>Det g\u00f6r ont f\u00f6r att jag fortfarande h\u00f6r paniken i ton\u00e5ringens r\u00f6st n\u00e4r han hittade sin \u00e4lskade katt d\u00f6d.<\/p>\n<p>Det g\u00f6r ont f\u00f6r att ton\u00e5ringen var helt f\u00f6rtvivlad.<\/p>\n<p>Det g\u00f6r ont f\u00f6r att det var mitt fel. Att jag inte begrep att jag inte kunde l\u00e4mna hundarna ensamma i huset n\u00e4r jag duschade.<\/p>\n<p>Det g\u00f6r ont f\u00f6r att mina annars s\u00e5 goa hundar som jag \u00e4lskar s\u00e5 kan f\u00e5 f\u00f6r sig att g\u00f6ra en s\u00e5n sak.<\/p>\n<p>Det g\u00f6r ont f\u00f6r att det \u00e4r s\u00e5 sv\u00e5rt att begrava sina n\u00e4rmaste v\u00e4nner.<\/p>\n<p>Tack \u00e4lskade Sune f\u00f6r allt gos vi fick och sov gott!<\/p>\n<div><a href=\"http:\/\/1.bp.blogspot.com\/-qd7CRDjVDag\/UMYm_an-BtI\/AAAAAAAAXRo\/QTTpjO8QwS0\/s1600\/20120621+140.JPG\" imageanchor=\"1\"><img loading=\"lazy\" border=\"0\" height=\"238\" src=\"http:\/\/1.bp.blogspot.com\/-qd7CRDjVDag\/UMYm_an-BtI\/AAAAAAAAXRo\/QTTpjO8QwS0\/s320\/20120621+140.JPG\" width=\"320\"><\/a><\/div>\n<p><\/p>\n","protected":false},"excerpt":{"rendered":"<p>Det \u00e4r en dag med stor och tung sorg i rucklet idag. V\u00e5r \u00e4lskade, underbara och goaste kisse Sune finns inte mer. Ton\u00e5ringen hittade honom d\u00f6d i soffan i morse, ihj\u00e4lbiten av monsterhundarna.\u00a0Det g\u00f6r s\u00e5 ont i hj\u00e4rtat att det &hellip; <a href=\"https:\/\/haargaard.se\/?p=239\">Continue reading <span class=\"meta-nav\">&rarr;<\/span><\/a><\/p>\n","protected":false},"author":1,"featured_media":0,"comment_status":"open","ping_status":"open","sticky":false,"template":"","format":"standard","meta":{"spay_email":"","jetpack_publicize_message":"","jetpack_is_tweetstorm":false,"jetpack_publicize_feature_enabled":true},"categories":[12],"tags":[],"jetpack_featured_media_url":"","jetpack_publicize_connections":[],"jetpack_sharing_enabled":true,"jetpack_shortlink":"https:\/\/wp.me\/p41RA4-3R","_links":{"self":[{"href":"https:\/\/haargaard.se\/index.php?rest_route=\/wp\/v2\/posts\/239"}],"collection":[{"href":"https:\/\/haargaard.se\/index.php?rest_route=\/wp\/v2\/posts"}],"about":[{"href":"https:\/\/haargaard.se\/index.php?rest_route=\/wp\/v2\/types\/post"}],"author":[{"embeddable":true,"href":"https:\/\/haargaard.se\/index.php?rest_route=\/wp\/v2\/users\/1"}],"replies":[{"embeddable":true,"href":"https:\/\/haargaard.se\/index.php?rest_route=%2Fwp%2Fv2%2Fcomments&post=239"}],"version-history":[{"count":0,"href":"https:\/\/haargaard.se\/index.php?rest_route=\/wp\/v2\/posts\/239\/revisions"}],"wp:attachment":[{"href":"https:\/\/haargaard.se\/index.php?rest_route=%2Fwp%2Fv2%2Fmedia&parent=239"}],"wp:term":[{"taxonomy":"category","embeddable":true,"href":"https:\/\/haargaard.se\/index.php?rest_route=%2Fwp%2Fv2%2Fcategories&post=239"},{"taxonomy":"post_tag","embeddable":true,"href":"https:\/\/haargaard.se\/index.php?rest_route=%2Fwp%2Fv2%2Ftags&post=239"}],"curies":[{"name":"wp","href":"https:\/\/api.w.org\/{rel}","templated":true}]}}