{"id":238,"date":"2012-12-13T23:42:00","date_gmt":"2012-12-13T21:42:00","guid":{"rendered":"http:\/\/haargaard.se\/?p=238"},"modified":"2012-12-13T23:42:00","modified_gmt":"2012-12-13T21:42:00","slug":"vinter-vackert-men-nu-racker-det","status":"publish","type":"post","link":"https:\/\/haargaard.se\/?p=238","title":{"rendered":"Vinter, vackert men nu r\u00e4cker det!"},"content":{"rendered":"<p>Ja, jag vet och jag har sagt det f\u00f6rr. Riktig vinter med sn\u00f6 och kyla\u00a0<b><i>\u00e4r<\/i><\/b> vackert&#8230;<\/p>\n<div><a href=\"http:\/\/4.bp.blogspot.com\/-SVnQ8EL9RYI\/UMpF08Y09ZI\/AAAAAAAAXSk\/SGcC48-U9N0\/s1600\/IMG_7060%5B1%5D.JPG\" imageanchor=\"1\"><img loading=\"lazy\" border=\"0\" height=\"240\" src=\"http:\/\/4.bp.blogspot.com\/-SVnQ8EL9RYI\/UMpF08Y09ZI\/AAAAAAAAXSk\/SGcC48-U9N0\/s320\/IMG_7060%5B1%5D.JPG\" width=\"320\"><\/a><\/div>\n<p><b>MEN&#8230;<\/b><\/p>\n<p>Det vita m\u00f6get ska skottas bort, det som behagar falla p\u00e5 g\u00e5rdsplanen.<\/p>\n<p>Det ska skrapas bilrutor och vissa dagar \u00e4r det l\u00f6gn i helsike att f\u00e5 bort isen fr\u00e5n framrutan. Isen har liksom etsat sig fast i glaset. Ig\u00e5r morse tror jag att jag stod i en kvart och k\u00e4mpade med framrutan, \u00e4nd\u00e5 var det s\u00e5 jag fick kika mellan risporna. Sen n\u00e4r rutorna v\u00e4l \u00e4r skrapade och det ska k\u00f6ras iv\u00e4g, d\u00e5 immar rutorna igen p\u00e5 insidan s\u00e5 det inte g\u00e5r att se n\u00e5got och det tar evigheter innan fl\u00e4kten gjort sitt jobb.<\/p>\n<div><a href=\"http:\/\/1.bp.blogspot.com\/-ycTVjJwWNdY\/UMpG3vNc-lI\/AAAAAAAAXTg\/PIsc31bAoGU\/s1600\/IMG_7077%255B1%255D.JPG\" imageanchor=\"1\"><img loading=\"lazy\" border=\"0\" height=\"320\" src=\"http:\/\/1.bp.blogspot.com\/-ycTVjJwWNdY\/UMpG3vNc-lI\/AAAAAAAAXTg\/PIsc31bAoGU\/s320\/IMG_7077%255B1%255D.JPG\" width=\"240\"><\/a><\/div>\n<p>Det \u00e4r halt s\u00e5 in i b\u00e4nken s\u00e5 jag \u00e4r lika glad varje g\u00e5ng jag kommer fram n\u00e4r jag \u00e4r ute och k\u00f6r bil och inte hamnar i diket som i fredags. Tur jag har en sn\u00e4ll granne som kom och r\u00e4ddade lilleman och mig ur diket. D\u00e4r f\u00e5r jag v\u00e4l p\u00e5 s\u00e4tt och vis b\u00e5de f\u00f6rbanna sn\u00f6n som gl\u00e4djas att den var d\u00e4r och b\u00e4ddade in bilen som i bomull&#8230;<\/p>\n<p>Det g\u00e5r \u00e5t pellets f\u00f6r en hel f\u00f6rm\u00f6genhet&#8230; efter tv\u00e5 dygn fr\u00e5n ett \u00f6verfullt magasin. Skulle tippa att det blir till att t\u00f6mma i en sis\u00e5d\u00e4r nio s\u00e4ckar till innan s\u00e4ngdags i natt&#8230;<\/p>\n<div><a href=\"http:\/\/4.bp.blogspot.com\/-v2XLAyVMQ-0\/UMpGcV2hBzI\/AAAAAAAAXTE\/ruJOyub_Wu8\/s1600\/IMG_7069%5B1%5D.JPG\" imageanchor=\"1\"><img loading=\"lazy\" border=\"0\" height=\"240\" src=\"http:\/\/4.bp.blogspot.com\/-v2XLAyVMQ-0\/UMpGcV2hBzI\/AAAAAAAAXTE\/ruJOyub_Wu8\/s320\/IMG_7069%5B1%5D.JPG\" width=\"320\"><\/a><\/div>\n<p>Plus de stora orosmomentet&#8230; G\u00e5r pannan eller har den stannat..? Fryser vattnet till huset, h\u00e5ller acktanksrummet plusgrader eller m\u00e5ste jag k\u00f6ra v\u00e4rmefl\u00e4kten..?<\/p>\n<div><a href=\"http:\/\/2.bp.blogspot.com\/-LvciPQNEx9U\/UMpGUX6vb3I\/AAAAAAAAXS8\/ss5c0g7I4ro\/s1600\/IMG_7068%255B1%255D.JPG\" imageanchor=\"1\"><img loading=\"lazy\" border=\"0\" height=\"320\" src=\"http:\/\/2.bp.blogspot.com\/-LvciPQNEx9U\/UMpGUX6vb3I\/AAAAAAAAXS8\/ss5c0g7I4ro\/s320\/IMG_7068%255B1%255D.JPG\" width=\"240\"><\/a><a href=\"http:\/\/4.bp.blogspot.com\/-AsGDu7ZJdvQ\/UMpGjOxPkCI\/AAAAAAAAXTM\/39vdMq8nuq0\/s1600\/IMG_7071%255B1%255D.JPG\" imageanchor=\"1\"><img loading=\"lazy\" border=\"0\" height=\"320\" src=\"http:\/\/4.bp.blogspot.com\/-AsGDu7ZJdvQ\/UMpGjOxPkCI\/AAAAAAAAXTM\/39vdMq8nuq0\/s320\/IMG_7071%255B1%255D.JPG\" width=\"240\"><\/a><\/div>\n<p>Det blir ett fasligt k\u00e5nkande och sl\u00e4pande p\u00e5 vatten som konstant fryser vilket leder till \u00e4nnu mer k\u00e5nkande och f\u00f6rs\u00f6k att tina isen f\u00f6r att kunna fylla p\u00e5 nytt vatten som \u00e5terigen fryser och ska k\u00e5nkas till upptining&#8230;<\/p>\n<table cellpadding=\"0\" cellspacing=\"0\">\n<tbody>\n<tr>\n<td><a href=\"http:\/\/3.bp.blogspot.com\/-AFBactjFq6U\/UMpHAp4PNJI\/AAAAAAAAXTo\/rnfcCNQcTkc\/s1600\/IMG_7078%255B1%255D.JPG\" imageanchor=\"1\"><img loading=\"lazy\" border=\"0\" height=\"320\" src=\"http:\/\/3.bp.blogspot.com\/-AFBactjFq6U\/UMpHAp4PNJI\/AAAAAAAAXTo\/rnfcCNQcTkc\/s320\/IMG_7078%255B1%255D.JPG\" width=\"240\"><\/a><\/td>\n<\/tr>\n<tr>\n<td>Birkir<\/td>\n<\/tr>\n<\/tbody>\n<\/table>\n<p><a href=\"http:\/\/3.bp.blogspot.com\/-mADWsypk2dE\/UMpGtTrbEFI\/AAAAAAAAXTY\/sy-Teup8eV4\/s1600\/IMG_7074%5B1%5D.JPG\" imageanchor=\"1\"><img loading=\"lazy\" border=\"0\" height=\"240\" src=\"http:\/\/3.bp.blogspot.com\/-mADWsypk2dE\/UMpGtTrbEFI\/AAAAAAAAXTY\/sy-Teup8eV4\/s320\/IMG_7074%5B1%5D.JPG\" width=\"320\"><\/a><\/p>\n<p>De stackars monsterhundarna h\u00e5ller v\u00e4l p\u00e5 att frysa ihj\u00e4l ute i hundg\u00e5rden n\u00e4r jag inte \u00e4r hemma. Visserligen kan de g\u00e5 in, men det \u00e4r inte s\u00e5 m\u00e5nga grader varmare inne \u00e4n ute. Det verkar som att de uppskattade halmen. D\u00e4r ser ut som att de har b\u00e4ddat in sig. Buddha verkar dock ha blivit mer n\u00e4rg\u00e5ngen Hugo sen det blev kylslaget ute. Nu ligger han kvar n\u00e4r Hugo kommer och kn\u00f6r ner sig och kommer faktiskt och l\u00e4gger sig n\u00e4ra Hugo alldeles sj\u00e4lvmant. F\u00f6rhoppningsvis v\u00e4rmer de varandra d\u00e4r ute.<\/p>\n<div><a href=\"http:\/\/3.bp.blogspot.com\/-kF_8qz04xyg\/UMpGNw8YM4I\/AAAAAAAAXS0\/8_etwlIosUk\/s1600\/IMG_7066%255B1%255D.JPG\" imageanchor=\"1\"><img loading=\"lazy\" border=\"0\" height=\"240\" src=\"http:\/\/3.bp.blogspot.com\/-kF_8qz04xyg\/UMpGNw8YM4I\/AAAAAAAAXS0\/8_etwlIosUk\/s320\/IMG_7066%255B1%255D.JPG\" width=\"320\"><\/a><\/div>\n<div><\/div>\n<div><a href=\"http:\/\/3.bp.blogspot.com\/-prT6S_h5pkc\/UMpGFT1SxxI\/AAAAAAAAXSs\/5OQIWWNlsSY\/s1600\/IMG_7063%5B1%5D.JPG\" imageanchor=\"1\"><img loading=\"lazy\" border=\"0\" height=\"320\" src=\"http:\/\/3.bp.blogspot.com\/-prT6S_h5pkc\/UMpGFT1SxxI\/AAAAAAAAXSs\/5OQIWWNlsSY\/s320\/IMG_7063%5B1%5D.JPG\" width=\"240\"><\/a><\/div>\n<p>Summa summarum, jag s\u00e4ger bara&#8230; Nu har vi haft <i>mer \u00e4n en veckas<\/i> vinter h\u00e4r p\u00e5 sl\u00e4tten i Halland.<\/p>\n<p>\u00a0 <b>NU R\u00c4CKER DET, DET \u00c4R NOG MED ATT G\u00d6RA MITT LIV BESV\u00c4RLIGARE!!!<\/b><\/p>\n","protected":false},"excerpt":{"rendered":"<p>Ja, jag vet och jag har sagt det f\u00f6rr. Riktig vinter med sn\u00f6 och kyla\u00a0\u00e4r vackert&#8230; MEN&#8230; Det vita m\u00f6get ska skottas bort, det som behagar falla p\u00e5 g\u00e5rdsplanen. Det ska skrapas bilrutor och vissa dagar \u00e4r det l\u00f6gn i &hellip; <a href=\"https:\/\/haargaard.se\/?p=238\">Continue reading <span class=\"meta-nav\">&rarr;<\/span><\/a><\/p>\n","protected":false},"author":1,"featured_media":0,"comment_status":"open","ping_status":"open","sticky":false,"template":"","format":"standard","meta":{"spay_email":"","jetpack_publicize_message":"","jetpack_is_tweetstorm":false,"jetpack_publicize_feature_enabled":true},"categories":[10],"tags":[],"jetpack_featured_media_url":"","jetpack_publicize_connections":[],"jetpack_sharing_enabled":true,"jetpack_shortlink":"https:\/\/wp.me\/p41RA4-3Q","_links":{"self":[{"href":"https:\/\/haargaard.se\/index.php?rest_route=\/wp\/v2\/posts\/238"}],"collection":[{"href":"https:\/\/haargaard.se\/index.php?rest_route=\/wp\/v2\/posts"}],"about":[{"href":"https:\/\/haargaard.se\/index.php?rest_route=\/wp\/v2\/types\/post"}],"author":[{"embeddable":true,"href":"https:\/\/haargaard.se\/index.php?rest_route=\/wp\/v2\/users\/1"}],"replies":[{"embeddable":true,"href":"https:\/\/haargaard.se\/index.php?rest_route=%2Fwp%2Fv2%2Fcomments&post=238"}],"version-history":[{"count":0,"href":"https:\/\/haargaard.se\/index.php?rest_route=\/wp\/v2\/posts\/238\/revisions"}],"wp:attachment":[{"href":"https:\/\/haargaard.se\/index.php?rest_route=%2Fwp%2Fv2%2Fmedia&parent=238"}],"wp:term":[{"taxonomy":"category","embeddable":true,"href":"https:\/\/haargaard.se\/index.php?rest_route=%2Fwp%2Fv2%2Fcategories&post=238"},{"taxonomy":"post_tag","embeddable":true,"href":"https:\/\/haargaard.se\/index.php?rest_route=%2Fwp%2Fv2%2Ftags&post=238"}],"curies":[{"name":"wp","href":"https:\/\/api.w.org\/{rel}","templated":true}]}}