{"id":237,"date":"2012-12-20T00:05:00","date_gmt":"2012-12-19T22:05:00","guid":{"rendered":"http:\/\/haargaard.se\/?p=237"},"modified":"2012-12-20T00:05:00","modified_gmt":"2012-12-19T22:05:00","slug":"det-kanske-kan-bli-lite-jul-i-rucklet-aven-i-ar","status":"publish","type":"post","link":"https:\/\/haargaard.se\/?p=237","title":{"rendered":"Det kanske kan bli lite jul i rucklet \u00e4ven i \u00e5r&#8230;"},"content":{"rendered":"<p>Blev p\u00e5mind i f\u00f6rrg\u00e5r om att det var en vecka kvar till julafton och jag hade knappt t\u00e4nkt tanken jul \u00e4n. S\u00e5 det fick bli en fixardag idag.<\/p>\n<p>Tog en tripp till Gek\u00e5s idag och se, vips \u00e4r alla julklapparna inhandlade. B\u00e5de till barnen och till en av mina huvudm\u00e4n. <i>Bara<\/i>\u00a0att packa upp och ta hand om allt kvar nu&#8230;<\/p>\n<div><a href=\"http:\/\/3.bp.blogspot.com\/-sgIRz1YSa90\/UNIlnhzpQRI\/AAAAAAAAXZ0\/ajrVl5U5Zzo\/s1600\/IMG_7091%5B1%5D.JPG\" imageanchor=\"1\"><img loading=\"lazy\" border=\"0\" height=\"240\" src=\"http:\/\/3.bp.blogspot.com\/-sgIRz1YSa90\/UNIlnhzpQRI\/AAAAAAAAXZ0\/ajrVl5U5Zzo\/s320\/IMG_7091%5B1%5D.JPG\" width=\"320\"><\/a><\/div>\n<p>En kungsgran \u00e4r inhandlad och st\u00e5r p\u00e5 v\u00e4nt ute i ladan. Lilleman var mycket best\u00e4md att granen minsann ska in f\u00f6rst dagen f\u00f6re julafton. Annars k\u00e4nner jag att jag \u00e4r \u00f6ppen f\u00f6r f\u00f6r\u00e4ndring av de djupt rotade traditionerna och ta in granen lite tidigare men det f\u00f6ll inte i god jord&#8230;<\/p>\n<div><a href=\"http:\/\/4.bp.blogspot.com\/-oYUv7N8TeWA\/UNIlz-XPC3I\/AAAAAAAAXZ8\/ET-vlUGoudU\/s1600\/IMG_7092%5B1%5D.JPG\" imageanchor=\"1\"><img loading=\"lazy\" border=\"0\" height=\"320\" src=\"http:\/\/4.bp.blogspot.com\/-oYUv7N8TeWA\/UNIlz-XPC3I\/AAAAAAAAXZ8\/ET-vlUGoudU\/s320\/IMG_7092%5B1%5D.JPG\" width=\"240\"><\/a><\/div>\n<p>Lyckades ocks\u00e5 k\u00f6pa en ekologisk skinka, stod p\u00e5 reservlistan men det blev en skinka till slut. Det blev en skinka fr\u00e5n en lycklig gris i \u00e5r. F\u00f6r hemma hos familjen Ragnarsson har grisarna det bra, Gun \u00e4lskar sina grisar.\u00a0http:\/\/www.ragnarssons.com\/<\/p>\n<div><a href=\"http:\/\/3.bp.blogspot.com\/-QtzB1bZOdc4\/UNIl9W0Em_I\/AAAAAAAAXaE\/ydQSY6jZDXs\/s1600\/IMG_7093%5B1%5D.JPG\" imageanchor=\"1\"><img loading=\"lazy\" border=\"0\" height=\"320\" src=\"http:\/\/3.bp.blogspot.com\/-QtzB1bZOdc4\/UNIl9W0Em_I\/AAAAAAAAXaE\/ydQSY6jZDXs\/s320\/IMG_7093%5B1%5D.JPG\" width=\"240\"><\/a><\/div>\n<p>Det kanske kan bli lite jul i rucklet \u00e4ven i \u00e5r&#8230;<\/p>\n<p>Men det \u00e4r dystert i rucklet. T\u00e4nk vad jag saknar v\u00e5r \u00e4lskade Sune! Att det g\u00e5r att sakna en katt s\u00e5.<\/p>\n<p>Saga har i alla fall tagit Sunes plats och nattar lilleman.<\/p>\n<div><a href=\"http:\/\/4.bp.blogspot.com\/-k2E3UT-LR8A\/UNIwB_nKvKI\/AAAAAAAAXaw\/q6JNDBd-ISI\/s1600\/IMG_7095%5B1%5D.JPG\" imageanchor=\"1\"><img loading=\"lazy\" border=\"0\" height=\"320\" src=\"http:\/\/4.bp.blogspot.com\/-k2E3UT-LR8A\/UNIwB_nKvKI\/AAAAAAAAXaw\/q6JNDBd-ISI\/s320\/IMG_7095%5B1%5D.JPG\" width=\"240\"><\/a><\/div>\n","protected":false},"excerpt":{"rendered":"<p>Blev p\u00e5mind i f\u00f6rrg\u00e5r om att det var en vecka kvar till julafton och jag hade knappt t\u00e4nkt tanken jul \u00e4n. S\u00e5 det fick bli en fixardag idag. Tog en tripp till Gek\u00e5s idag och se, vips \u00e4r alla julklapparna &hellip; <a href=\"https:\/\/haargaard.se\/?p=237\">Continue reading <span class=\"meta-nav\">&rarr;<\/span><\/a><\/p>\n","protected":false},"author":1,"featured_media":0,"comment_status":"open","ping_status":"open","sticky":false,"template":"","format":"standard","meta":{"spay_email":"","jetpack_publicize_message":"","jetpack_is_tweetstorm":false,"jetpack_publicize_feature_enabled":true},"categories":[12],"tags":[],"jetpack_featured_media_url":"","jetpack_publicize_connections":[],"jetpack_sharing_enabled":true,"jetpack_shortlink":"https:\/\/wp.me\/p41RA4-3P","_links":{"self":[{"href":"https:\/\/haargaard.se\/index.php?rest_route=\/wp\/v2\/posts\/237"}],"collection":[{"href":"https:\/\/haargaard.se\/index.php?rest_route=\/wp\/v2\/posts"}],"about":[{"href":"https:\/\/haargaard.se\/index.php?rest_route=\/wp\/v2\/types\/post"}],"author":[{"embeddable":true,"href":"https:\/\/haargaard.se\/index.php?rest_route=\/wp\/v2\/users\/1"}],"replies":[{"embeddable":true,"href":"https:\/\/haargaard.se\/index.php?rest_route=%2Fwp%2Fv2%2Fcomments&post=237"}],"version-history":[{"count":0,"href":"https:\/\/haargaard.se\/index.php?rest_route=\/wp\/v2\/posts\/237\/revisions"}],"wp:attachment":[{"href":"https:\/\/haargaard.se\/index.php?rest_route=%2Fwp%2Fv2%2Fmedia&parent=237"}],"wp:term":[{"taxonomy":"category","embeddable":true,"href":"https:\/\/haargaard.se\/index.php?rest_route=%2Fwp%2Fv2%2Fcategories&post=237"},{"taxonomy":"post_tag","embeddable":true,"href":"https:\/\/haargaard.se\/index.php?rest_route=%2Fwp%2Fv2%2Ftags&post=237"}],"curies":[{"name":"wp","href":"https:\/\/api.w.org\/{rel}","templated":true}]}}