{"id":206,"date":"2013-03-09T17:31:00","date_gmt":"2013-03-09T15:31:00","guid":{"rendered":"http:\/\/haargaard.se\/?p=206"},"modified":"2013-03-09T17:31:00","modified_gmt":"2013-03-09T15:31:00","slug":"islanningar-i-det-vackra-men-kyliga-varvadret","status":"publish","type":"post","link":"https:\/\/haargaard.se\/?p=206","title":{"rendered":"Isl\u00e4nningar i det vackra men kyliga v\u00e5rv\u00e4dret"},"content":{"rendered":"<div>Finfina p\u00e5llarna i v\u00e5rsolen, Mel\u00f3dia, Bergthora, Sk\u00e1lda och Birkir. Det \u00e4r lite or\u00e4ttvist att de har den d\u00e4r alldeles superdupertjocka p\u00e4lsen och jag h\u00e5ller p\u00e5 att frysa ihj\u00e4l. Man skulle kunna tro att Bergthora ocks\u00e5 v\u00e4ntar f\u00f6l&#8230; rund som en boll. De \u00e4r inte helt pigga p\u00e5 att flytta sig till den \u00f6vre hagen.<\/div>\n<div><\/div>\n<div><a href=\"http:\/\/4.bp.blogspot.com\/-8RRZ4pOjl0A\/UTtOWTNWkFI\/AAAAAAAAdBQ\/8WE3DMIy6TU\/s1600\/IMG_8073%5B1%5D.JPG\" imageanchor=\"1\"><img loading=\"lazy\" border=\"0\" height=\"240\" src=\"http:\/\/4.bp.blogspot.com\/-8RRZ4pOjl0A\/UTtOWTNWkFI\/AAAAAAAAdBQ\/8WE3DMIy6TU\/s320\/IMG_8073%5B1%5D.JPG\" width=\"320\"><\/a><\/div>\n<p><\/p>\n<div>Birkir kliar sig p\u00e5 bakbenet&#8230;<\/div>\n<div><\/div>\n<div><a href=\"http:\/\/4.bp.blogspot.com\/-4JF_bRaXx4E\/UTtOd_VOs5I\/AAAAAAAAdBY\/vQiWEu80nBw\/s1600\/IMG_8074%5B1%5D.JPG\" imageanchor=\"1\"><img loading=\"lazy\" border=\"0\" height=\"240\" src=\"http:\/\/4.bp.blogspot.com\/-4JF_bRaXx4E\/UTtOd_VOs5I\/AAAAAAAAdBY\/vQiWEu80nBw\/s320\/IMG_8074%5B1%5D.JPG\" width=\"320\"><\/a><\/div>\n<div><\/div>\n<div>och har ingen st\u00f6rre br\u00e5dska att resa sig och traska efter stona.<\/div>\n<div><\/div>\n<div><a href=\"http:\/\/4.bp.blogspot.com\/-lsUs0zqhJGk\/UTtOfaeMuuI\/AAAAAAAAdBg\/i6O_QRHYAnM\/s1600\/IMG_8075%5B1%5D.JPG\" imageanchor=\"1\"><img loading=\"lazy\" border=\"0\" height=\"240\" src=\"http:\/\/4.bp.blogspot.com\/-lsUs0zqhJGk\/UTtOfaeMuuI\/AAAAAAAAdBg\/i6O_QRHYAnM\/s320\/IMG_8075%5B1%5D.JPG\" width=\"320\"><\/a><\/div>\n<p><\/p>\n<div>Har du erfarenhet av att h\u00e5lla p\u00e5 med h\u00e4star och saknar det, finns m\u00f6jlighet att komma och pyssla med mina.<\/div>\n","protected":false},"excerpt":{"rendered":"<p>Finfina p\u00e5llarna i v\u00e5rsolen, Mel\u00f3dia, Bergthora, Sk\u00e1lda och Birkir. Det \u00e4r lite or\u00e4ttvist att de har den d\u00e4r alldeles superdupertjocka p\u00e4lsen och jag h\u00e5ller p\u00e5 att frysa ihj\u00e4l. Man skulle kunna tro att Bergthora ocks\u00e5 v\u00e4ntar f\u00f6l&#8230; rund som en &hellip; <a href=\"https:\/\/haargaard.se\/?p=206\">Continue reading <span class=\"meta-nav\">&rarr;<\/span><\/a><\/p>\n","protected":false},"author":1,"featured_media":0,"comment_status":"open","ping_status":"open","sticky":false,"template":"","format":"standard","meta":{"spay_email":"","jetpack_publicize_message":"","jetpack_is_tweetstorm":false,"jetpack_publicize_feature_enabled":true},"categories":[11],"tags":[],"jetpack_featured_media_url":"","jetpack_publicize_connections":[],"jetpack_sharing_enabled":true,"jetpack_shortlink":"https:\/\/wp.me\/p41RA4-3k","_links":{"self":[{"href":"https:\/\/haargaard.se\/index.php?rest_route=\/wp\/v2\/posts\/206"}],"collection":[{"href":"https:\/\/haargaard.se\/index.php?rest_route=\/wp\/v2\/posts"}],"about":[{"href":"https:\/\/haargaard.se\/index.php?rest_route=\/wp\/v2\/types\/post"}],"author":[{"embeddable":true,"href":"https:\/\/haargaard.se\/index.php?rest_route=\/wp\/v2\/users\/1"}],"replies":[{"embeddable":true,"href":"https:\/\/haargaard.se\/index.php?rest_route=%2Fwp%2Fv2%2Fcomments&post=206"}],"version-history":[{"count":0,"href":"https:\/\/haargaard.se\/index.php?rest_route=\/wp\/v2\/posts\/206\/revisions"}],"wp:attachment":[{"href":"https:\/\/haargaard.se\/index.php?rest_route=%2Fwp%2Fv2%2Fmedia&parent=206"}],"wp:term":[{"taxonomy":"category","embeddable":true,"href":"https:\/\/haargaard.se\/index.php?rest_route=%2Fwp%2Fv2%2Fcategories&post=206"},{"taxonomy":"post_tag","embeddable":true,"href":"https:\/\/haargaard.se\/index.php?rest_route=%2Fwp%2Fv2%2Ftags&post=206"}],"curies":[{"name":"wp","href":"https:\/\/api.w.org\/{rel}","templated":true}]}}