{"id":204,"date":"2013-03-10T12:48:00","date_gmt":"2013-03-10T10:48:00","guid":{"rendered":"http:\/\/haargaard.se\/?p=204"},"modified":"2013-03-10T12:48:00","modified_gmt":"2013-03-10T10:48:00","slug":"torkstallningshaveri","status":"publish","type":"post","link":"https:\/\/haargaard.se\/?p=204","title":{"rendered":"Torkst\u00e4llningshaveri&#8230;"},"content":{"rendered":"<div>Vad \u00e4r det med katter och deras val av vad som \u00e4r bra viloplatser..?<\/div>\n<div><\/div>\n<table align=\"center\" cellpadding=\"0\" cellspacing=\"0\">\n<tbody>\n<tr>\n<td><a href=\"http:\/\/2.bp.blogspot.com\/-_tuviiLkP1o\/UTxifcR54kI\/AAAAAAAAdEk\/AtjxioHQ-9o\/s1600\/20130309+390.JPG\" imageanchor=\"1\"><img loading=\"lazy\" border=\"0\" height=\"240\" src=\"http:\/\/2.bp.blogspot.com\/-_tuviiLkP1o\/UTxifcR54kI\/AAAAAAAAdEk\/AtjxioHQ-9o\/s320\/20130309+390.JPG\" width=\"320\"><\/a><\/td>\n<\/tr>\n<tr>\n<td>F\u00f6re<\/td>\n<\/tr>\n<\/tbody>\n<\/table>\n<div>Ooouups som det kan g\u00e5&#8230; Felix \u00e4r d\u00e4r mitt bland tv\u00e4tten i den havererade torkst\u00e4llningen (hennes huvud skymtar strax ovanf\u00f6r de svart\/r\u00f6drandiga strumporna). Ubbe Snubbe (Felix kullsyskon) som antagligen har viss del i haveriet verkar ha klarar sig helskinnad ur situationen. Undrar om det \u00e4r l\u00e4ge f\u00f6r en TAF-rapport..?<\/div>\n<p><\/p>\n<table align=\"center\" cellpadding=\"0\" cellspacing=\"0\">\n<tbody>\n<tr>\n<td><a href=\"http:\/\/1.bp.blogspot.com\/-di_Bo3CwR0I\/UTxiFHIecVI\/AAAAAAAAdEc\/EtHqHHCMuzI\/s1600\/IMG_8095%5B1%5D.JPG\" imageanchor=\"1\"><img loading=\"lazy\" border=\"0\" height=\"320\" src=\"http:\/\/1.bp.blogspot.com\/-di_Bo3CwR0I\/UTxiFHIecVI\/AAAAAAAAdEc\/EtHqHHCMuzI\/s320\/IMG_8095%5B1%5D.JPG\" width=\"240\"><\/a><\/td>\n<\/tr>\n<tr>\n<td>Efter<\/td>\n<\/tr>\n<\/tbody>\n<\/table>\n<p><\/p>\n","protected":false},"excerpt":{"rendered":"<p>Vad \u00e4r det med katter och deras val av vad som \u00e4r bra viloplatser..? F\u00f6re Ooouups som det kan g\u00e5&#8230; Felix \u00e4r d\u00e4r mitt bland tv\u00e4tten i den havererade torkst\u00e4llningen (hennes huvud skymtar strax ovanf\u00f6r de svart\/r\u00f6drandiga strumporna). Ubbe Snubbe &hellip; <a href=\"https:\/\/haargaard.se\/?p=204\">Continue reading <span class=\"meta-nav\">&rarr;<\/span><\/a><\/p>\n","protected":false},"author":1,"featured_media":0,"comment_status":"open","ping_status":"open","sticky":false,"template":"","format":"standard","meta":{"spay_email":"","jetpack_publicize_message":"","jetpack_is_tweetstorm":false,"jetpack_publicize_feature_enabled":true},"categories":[12],"tags":[],"jetpack_featured_media_url":"","jetpack_publicize_connections":[],"jetpack_sharing_enabled":true,"jetpack_shortlink":"https:\/\/wp.me\/p41RA4-3i","_links":{"self":[{"href":"https:\/\/haargaard.se\/index.php?rest_route=\/wp\/v2\/posts\/204"}],"collection":[{"href":"https:\/\/haargaard.se\/index.php?rest_route=\/wp\/v2\/posts"}],"about":[{"href":"https:\/\/haargaard.se\/index.php?rest_route=\/wp\/v2\/types\/post"}],"author":[{"embeddable":true,"href":"https:\/\/haargaard.se\/index.php?rest_route=\/wp\/v2\/users\/1"}],"replies":[{"embeddable":true,"href":"https:\/\/haargaard.se\/index.php?rest_route=%2Fwp%2Fv2%2Fcomments&post=204"}],"version-history":[{"count":0,"href":"https:\/\/haargaard.se\/index.php?rest_route=\/wp\/v2\/posts\/204\/revisions"}],"wp:attachment":[{"href":"https:\/\/haargaard.se\/index.php?rest_route=%2Fwp%2Fv2%2Fmedia&parent=204"}],"wp:term":[{"taxonomy":"category","embeddable":true,"href":"https:\/\/haargaard.se\/index.php?rest_route=%2Fwp%2Fv2%2Fcategories&post=204"},{"taxonomy":"post_tag","embeddable":true,"href":"https:\/\/haargaard.se\/index.php?rest_route=%2Fwp%2Fv2%2Ftags&post=204"}],"curies":[{"name":"wp","href":"https:\/\/api.w.org\/{rel}","templated":true}]}}