{"id":2012,"date":"2013-12-22T00:45:53","date_gmt":"2013-12-21T22:45:53","guid":{"rendered":"http:\/\/haargaard.se\/?p=2012"},"modified":"2013-12-22T00:45:53","modified_gmt":"2013-12-21T22:45:53","slug":"julgranen-pa-plats","status":"publish","type":"post","link":"https:\/\/haargaard.se\/?p=2012","title":{"rendered":"Julgranen p\u00e5 plats"},"content":{"rendered":"<p style=\"text-align: center;\">Idag fick vi \u00e4ntligen m\u00f6jlighet att \u00e5ka och starta mammas bil som s\u00e5 l\u00e4gligt hade d\u00f6tt n\u00e4r jag skulle h\u00e4mta den f\u00f6r n\u00e5gra veckor sen. T\u00e4nk s\u00e5 beh\u00e4ndigt det \u00e4r med en ton\u00e5ring som \u00e4ntligen blivit med k\u00f6rkort. F\u00f6r f\u00f6rsta g\u00e5ngen har jag nu startat en bil med startkablar. Fr\u00e5n b\u00f6rjan var den helt stend\u00f6d. Hade mina tvivel om hur det d\u00e4r skulle g\u00e5 men ungef\u00e4r 25 minuter senare hoppade den faktiskt ig\u00e5ng. Nu st\u00e5r den hos sn\u00e4lla, sn\u00e4lla Alstersj\u00f6s f\u00f6r omv\u00e5rdnad av batteriet.<\/p>\n<p style=\"text-align: center;\">Finns fler f\u00f6rdelar med ton\u00e5ring med k\u00f6rkort. Ig\u00e5r h\u00e4mtade han lilleman p\u00e5 skolan och de handlade mj\u00f6lk och tv\u00e4ttmedel p\u00e5 v\u00e4gen hem. Det tar sig&#8230;<\/p>\n<p style=\"text-align: center;\"><a href=\"https:\/\/haargaard.se\/wp-content\/uploads\/2013\/12\/IMG_62571.jpg\"><img loading=\"lazy\" class=\"alignnone size-medium wp-image-2013\" alt=\"IMG_6257[1]\" src=\"https:\/\/haargaard.se\/wp-content\/uploads\/2013\/12\/IMG_62571-300x225.jpg\" width=\"300\" height=\"225\" srcset=\"https:\/\/haargaard.se\/wp-content\/uploads\/2013\/12\/IMG_62571-300x225.jpg 300w, https:\/\/haargaard.se\/wp-content\/uploads\/2013\/12\/IMG_62571-1024x768.jpg 1024w\" sizes=\"(max-width: 300px) 100vw, 300px\" \/><\/a><\/p>\n<p style=\"text-align: center;\">F\u00f6rs\u00f6kte flera g\u00e5nger att \u00f6vertyga lilleman om att vi allt kunde skippa det d\u00e4r med julgran i \u00e5r. Det gick v\u00e4ldigt d\u00e5ligt. I dag var han med och valde vilken vi skulle ha. Det \u00e4r \u00e4ven lilleman som har kl\u00e4tt granen, f\u00f6rutom ljus och glitter som jag fick \u00e4ran att fixa. Har i alla \u00e5r haft strikt tradition att ta in granen dagen f\u00f6re julafton. I \u00e5r har vi en ny tradition. Nu f\u00e5r den komma in l\u00f6rdagen f\u00f6re fj\u00e4rde advent.<\/p>\n<p style=\"text-align: center;\">\u00c4r v\u00e4ldigt kluven till det h\u00e4r att det kommer bli synnerligen tomt p\u00e5 paket under granen. I \u00e5r f\u00e5r de varsitt paket barnen. \u00d6vriga \u00e5r har det varit en dr\u00f6s \u00e4ven om jag passat p\u00e5 att sl\u00e5 in mjuka paket som de \u00e4nd\u00e5 skulle ha f\u00e5tt. Det \u00e4r ju s\u00e5 kul med paket&#8230; och i \u00e5r allts\u00e5 ett var. Som att ha hoppat av pakethysterin och \u00e4ven julhysterin. I \u00e5r blir det en lugnare och mer avslappnad jul. Tycker \u00e4nd\u00e5 att det k\u00e4nns bra. Ovanligt bra f\u00f6r att vara jultider&#8230;<\/p>\n<p style=\"text-align: center;\">Har v\u00e4ldigt sv\u00e5rt f\u00f6r julen men just julgranen tycker jag om, v\u00e4ldigt mycket. Var bra att lilleman stod p\u00e5 sig!<\/p>\n<p style=\"text-align: center;\"><a href=\"https:\/\/haargaard.se\/wp-content\/uploads\/2013\/12\/IMG_62631.jpg\"><img loading=\"lazy\" class=\"alignnone size-medium wp-image-2014\" alt=\"IMG_6263[1]\" src=\"https:\/\/haargaard.se\/wp-content\/uploads\/2013\/12\/IMG_62631-e1387664007228-225x300.jpg\" width=\"225\" height=\"300\" srcset=\"https:\/\/haargaard.se\/wp-content\/uploads\/2013\/12\/IMG_62631-e1387664007228-225x300.jpg 225w, https:\/\/haargaard.se\/wp-content\/uploads\/2013\/12\/IMG_62631-e1387664007228-768x1024.jpg 768w\" sizes=\"(max-width: 225px) 100vw, 225px\" \/><\/a><\/p>\n<p style=\"text-align: center;\">\n<p style=\"text-align: center;\">Det har ocks\u00e5 varit en ovanligt bra dag rent generellt. Det kanske \u00e4r s\u00e5 att kroppen m\u00e5r s\u00e5 mycket b\u00e4ttre av att f\u00e5 lite s\u00f6mn. F\u00f6rsta sovmorgonen gjorde gott!<\/p>\n","protected":false},"excerpt":{"rendered":"<p>Idag fick vi \u00e4ntligen m\u00f6jlighet att \u00e5ka och starta mammas bil som s\u00e5 l\u00e4gligt hade d\u00f6tt n\u00e4r jag skulle h\u00e4mta den f\u00f6r n\u00e5gra veckor sen. T\u00e4nk s\u00e5 beh\u00e4ndigt det \u00e4r med en ton\u00e5ring som \u00e4ntligen blivit med k\u00f6rkort. F\u00f6r f\u00f6rsta &hellip; <a href=\"https:\/\/haargaard.se\/?p=2012\">Continue reading <span class=\"meta-nav\">&rarr;<\/span><\/a><\/p>\n","protected":false},"author":1,"featured_media":0,"comment_status":"open","ping_status":"open","sticky":false,"template":"","format":"standard","meta":{"spay_email":"","jetpack_publicize_message":"","jetpack_is_tweetstorm":false,"jetpack_publicize_feature_enabled":true},"categories":[1],"tags":[],"jetpack_featured_media_url":"","jetpack_publicize_connections":[],"jetpack_sharing_enabled":true,"jetpack_shortlink":"https:\/\/wp.me\/p41RA4-ws","_links":{"self":[{"href":"https:\/\/haargaard.se\/index.php?rest_route=\/wp\/v2\/posts\/2012"}],"collection":[{"href":"https:\/\/haargaard.se\/index.php?rest_route=\/wp\/v2\/posts"}],"about":[{"href":"https:\/\/haargaard.se\/index.php?rest_route=\/wp\/v2\/types\/post"}],"author":[{"embeddable":true,"href":"https:\/\/haargaard.se\/index.php?rest_route=\/wp\/v2\/users\/1"}],"replies":[{"embeddable":true,"href":"https:\/\/haargaard.se\/index.php?rest_route=%2Fwp%2Fv2%2Fcomments&post=2012"}],"version-history":[{"count":2,"href":"https:\/\/haargaard.se\/index.php?rest_route=\/wp\/v2\/posts\/2012\/revisions"}],"predecessor-version":[{"id":2016,"href":"https:\/\/haargaard.se\/index.php?rest_route=\/wp\/v2\/posts\/2012\/revisions\/2016"}],"wp:attachment":[{"href":"https:\/\/haargaard.se\/index.php?rest_route=%2Fwp%2Fv2%2Fmedia&parent=2012"}],"wp:term":[{"taxonomy":"category","embeddable":true,"href":"https:\/\/haargaard.se\/index.php?rest_route=%2Fwp%2Fv2%2Fcategories&post=2012"},{"taxonomy":"post_tag","embeddable":true,"href":"https:\/\/haargaard.se\/index.php?rest_route=%2Fwp%2Fv2%2Ftags&post=2012"}],"curies":[{"name":"wp","href":"https:\/\/api.w.org\/{rel}","templated":true}]}}