{"id":1955,"date":"2013-12-14T01:41:55","date_gmt":"2013-12-13T23:41:55","guid":{"rendered":"http:\/\/haargaard.se\/?p=1955"},"modified":"2013-12-14T01:42:18","modified_gmt":"2013-12-13T23:42:18","slug":"poppis-soffhorna","status":"publish","type":"post","link":"https:\/\/haargaard.se\/?p=1955","title":{"rendered":"Poppis soffh\u00f6rna"},"content":{"rendered":"<p style=\"text-align: center;\">S\u00e5 fort jag lyfter p\u00e5 rumpan ockuperas min soffh\u00f6rna&#8230; Fille, Saga och Hugo ligger d\u00e4r och har det bra.<\/p>\n<p style=\"text-align: center;\"><a style=\"color: #ff4b33; line-height: 24px;\" href=\"https:\/\/haargaard.se\/wp-content\/uploads\/2013\/12\/IMG_61721.jpg\"><img loading=\"lazy\" class=\"alignnone size-medium wp-image-1957\" alt=\"IMG_6172[1]\" src=\"https:\/\/haargaard.se\/wp-content\/uploads\/2013\/12\/IMG_61721-300x225.jpg\" width=\"300\" height=\"225\" srcset=\"https:\/\/haargaard.se\/wp-content\/uploads\/2013\/12\/IMG_61721-300x225.jpg 300w, https:\/\/haargaard.se\/wp-content\/uploads\/2013\/12\/IMG_61721-1024x768.jpg 1024w\" sizes=\"(max-width: 300px) 100vw, 300px\" \/><\/a><\/p>\n<p style=\"text-align: center;\">I morse n\u00e4r jag k\u00f6rde till jobbet var det Mel\u00f3dia som hade vakten i dimman&#8230;<\/p>\n<p style=\"text-align: center;\">\u00a0<a href=\"https:\/\/haargaard.se\/wp-content\/uploads\/2013\/12\/IMG_61701.jpg\"><img loading=\"lazy\" class=\"alignnone size-medium wp-image-1956\" alt=\"IMG_6170[1]\" src=\"https:\/\/haargaard.se\/wp-content\/uploads\/2013\/12\/IMG_61701-300x225.jpg\" width=\"300\" height=\"225\" srcset=\"https:\/\/haargaard.se\/wp-content\/uploads\/2013\/12\/IMG_61701-300x225.jpg 300w, https:\/\/haargaard.se\/wp-content\/uploads\/2013\/12\/IMG_61701-1024x768.jpg 1024w\" sizes=\"(max-width: 300px) 100vw, 300px\" \/><\/a><\/p>\n<p style=\"text-align: center;\">Blir en hektisk dag imorgon. B\u00e4st jag f\u00f6rs\u00f6ker pallra mig i s\u00e4ng, godnatt!<\/p>\n","protected":false},"excerpt":{"rendered":"<p>S\u00e5 fort jag lyfter p\u00e5 rumpan ockuperas min soffh\u00f6rna&#8230; Fille, Saga och Hugo ligger d\u00e4r och har det bra. I morse n\u00e4r jag k\u00f6rde till jobbet var det Mel\u00f3dia som hade vakten i dimman&#8230; \u00a0 Blir en hektisk dag imorgon. &hellip; <a href=\"https:\/\/haargaard.se\/?p=1955\">Continue reading <span class=\"meta-nav\">&rarr;<\/span><\/a><\/p>\n","protected":false},"author":1,"featured_media":0,"comment_status":"open","ping_status":"open","sticky":false,"template":"","format":"standard","meta":{"spay_email":"","jetpack_publicize_message":"","jetpack_is_tweetstorm":false,"jetpack_publicize_feature_enabled":true},"categories":[10,11,12],"tags":[14,673,674,675],"jetpack_featured_media_url":"","jetpack_publicize_connections":[],"jetpack_sharing_enabled":true,"jetpack_shortlink":"https:\/\/wp.me\/p41RA4-vx","_links":{"self":[{"href":"https:\/\/haargaard.se\/index.php?rest_route=\/wp\/v2\/posts\/1955"}],"collection":[{"href":"https:\/\/haargaard.se\/index.php?rest_route=\/wp\/v2\/posts"}],"about":[{"href":"https:\/\/haargaard.se\/index.php?rest_route=\/wp\/v2\/types\/post"}],"author":[{"embeddable":true,"href":"https:\/\/haargaard.se\/index.php?rest_route=\/wp\/v2\/users\/1"}],"replies":[{"embeddable":true,"href":"https:\/\/haargaard.se\/index.php?rest_route=%2Fwp%2Fv2%2Fcomments&post=1955"}],"version-history":[{"count":2,"href":"https:\/\/haargaard.se\/index.php?rest_route=\/wp\/v2\/posts\/1955\/revisions"}],"predecessor-version":[{"id":1959,"href":"https:\/\/haargaard.se\/index.php?rest_route=\/wp\/v2\/posts\/1955\/revisions\/1959"}],"wp:attachment":[{"href":"https:\/\/haargaard.se\/index.php?rest_route=%2Fwp%2Fv2%2Fmedia&parent=1955"}],"wp:term":[{"taxonomy":"category","embeddable":true,"href":"https:\/\/haargaard.se\/index.php?rest_route=%2Fwp%2Fv2%2Fcategories&post=1955"},{"taxonomy":"post_tag","embeddable":true,"href":"https:\/\/haargaard.se\/index.php?rest_route=%2Fwp%2Fv2%2Ftags&post=1955"}],"curies":[{"name":"wp","href":"https:\/\/api.w.org\/{rel}","templated":true}]}}