{"id":1923,"date":"2013-12-10T22:50:59","date_gmt":"2013-12-10T20:50:59","guid":{"rendered":"http:\/\/haargaard.se\/?p=1923"},"modified":"2013-12-10T22:51:20","modified_gmt":"2013-12-10T20:51:20","slug":"biltur-pa-kyrkogarden","status":"publish","type":"post","link":"https:\/\/haargaard.se\/?p=1923","title":{"rendered":"Biltur p\u00e5 kyrkog\u00e5rden"},"content":{"rendered":"<p style=\"text-align: center;\">F\u00f6rst och fr\u00e4mst ber jag om alla tummar som g\u00e5r f\u00f6r att det g\u00e5r v\u00e4gen f\u00f6r ton\u00e5ringen p\u00e5 uppk\u00f6rningen imorgon. Var helt s\u00e4ker p\u00e5 att han skulle komma hem med k\u00f6rkortet f\u00f6rsta g\u00e5ngen men en tabbe och inget k\u00f6rkort. Hoppas han har nerverna under kontroll imorgon&#8230; jag har det i alla fall\u00a0<em>inte<\/em>&#8230; Det \u00e4r r\u00e4tt dyrt med uppk\u00f6rningar&#8230;<\/p>\n<p style=\"text-align: center;\">Skulle k\u00f6ra till Falkenberg och h\u00e4mta en av mina huvudm\u00e4n. Hon ville s\u00e5 g\u00e4rna en sv\u00e4ng till Gek\u00e5s. I Morup vid kyrkan var det tv\u00e4rstopp p\u00e5 v\u00e4gen. En lastbil tv\u00e4rs \u00f6ver v\u00e4gen och tr\u00e4dnedtagning p\u00e5 g\u00e5ng. Vinkades f\u00f6rbi&#8230; <em>via kyrkog\u00e5rden<\/em>. Det var en skum k\u00e4nsla att k\u00f6ra p\u00e5 den smala g\u00e5ngv\u00e4gen genom kyrkog\u00e5rden&#8230;<\/p>\n<p style=\"text-align: center;\"><a href=\"https:\/\/haargaard.se\/wp-content\/uploads\/2013\/12\/IMG_61531.jpg\"><img loading=\"lazy\" class=\"alignnone size-medium wp-image-1924\" alt=\"IMG_6153[1]\" src=\"https:\/\/haargaard.se\/wp-content\/uploads\/2013\/12\/IMG_61531-300x225.jpg\" width=\"300\" height=\"225\" srcset=\"https:\/\/haargaard.se\/wp-content\/uploads\/2013\/12\/IMG_61531-300x225.jpg 300w, https:\/\/haargaard.se\/wp-content\/uploads\/2013\/12\/IMG_61531-1024x768.jpg 1024w\" sizes=\"(max-width: 300px) 100vw, 300px\" \/><\/a><\/p>\n<p style=\"text-align: center;\">Fick i alla fall k\u00f6pt ett par nya murartunnor f\u00f6r vatten till h\u00e4sthagen. Den jag hade fl\u00f6g sin kos under Svens framfart&#8230; Nu hoppas jag att det \u00e4r s\u00e5 god vattentillg\u00e5ng att det ska r\u00e4cka att bara fylla p\u00e5 en g\u00e5ng per dygn. Har f\u00e5tt fylla b\u00e5de morgon och kv\u00e4ll ett tag nu. Det \u00e4r lite pyssel och tar lite f\u00f6r mycket tid i min redan h\u00e5rt pressade tillvaro.<\/p>\n<p style=\"text-align: center;\"><a href=\"https:\/\/haargaard.se\/wp-content\/uploads\/2013\/12\/IMG_615511.jpg\"><img loading=\"lazy\" class=\"alignnone size-medium wp-image-1926\" alt=\"IMG_6155[1]\" src=\"https:\/\/haargaard.se\/wp-content\/uploads\/2013\/12\/IMG_615511-300x225.jpg\" width=\"300\" height=\"225\" srcset=\"https:\/\/haargaard.se\/wp-content\/uploads\/2013\/12\/IMG_615511-300x225.jpg 300w, https:\/\/haargaard.se\/wp-content\/uploads\/2013\/12\/IMG_615511-1024x768.jpg 1024w\" sizes=\"(max-width: 300px) 100vw, 300px\" \/><\/a><\/p>\n<p style=\"text-align: center;\">Fick ocks\u00e5 k\u00f6pt tandkr\u00e4m till hundarna s\u00e5 ikv\u00e4ll har vi borstat t\u00e4nderna f\u00f6r f\u00f6rsta g\u00e5ngen. Hugo tyckte det var r\u00e4tt ok. Ville hemskt g\u00e4rna \u00e4ven tugga i sig tandborsten. Fille var inte riktigt lika positivt inst\u00e4lld. Han kryper ihop som att jag ska f\u00f6rs\u00f6ka ta livet av honom n\u00e4r jag ska pyssla om honom stackaren&#8230; Fick borstat lite i alla fall \u00e4ven p\u00e5 honom.<\/p>\n<p style=\"text-align: center;\"><a href=\"https:\/\/haargaard.se\/wp-content\/uploads\/2013\/12\/IMG_61561.jpg\"><img loading=\"lazy\" class=\"alignnone size-medium wp-image-1927\" alt=\"IMG_6156[1]\" src=\"https:\/\/haargaard.se\/wp-content\/uploads\/2013\/12\/IMG_61561-300x225.jpg\" width=\"300\" height=\"225\" srcset=\"https:\/\/haargaard.se\/wp-content\/uploads\/2013\/12\/IMG_61561-300x225.jpg 300w, https:\/\/haargaard.se\/wp-content\/uploads\/2013\/12\/IMG_61561-1024x768.jpg 1024w\" sizes=\"(max-width: 300px) 100vw, 300px\" \/><\/a><\/p>\n<p style=\"text-align: center;\">\u00c4r r\u00e4tt sk\u00f6nt att \u00e5ka till Gek\u00e5s med Bea. Hon orkar inte s\u00e5 l\u00e4nge s\u00e5 det blev en snabbis bara. Mest mat faktiskt&#8230;<\/p>\n","protected":false},"excerpt":{"rendered":"<p>F\u00f6rst och fr\u00e4mst ber jag om alla tummar som g\u00e5r f\u00f6r att det g\u00e5r v\u00e4gen f\u00f6r ton\u00e5ringen p\u00e5 uppk\u00f6rningen imorgon. Var helt s\u00e4ker p\u00e5 att han skulle komma hem med k\u00f6rkortet f\u00f6rsta g\u00e5ngen men en tabbe och inget k\u00f6rkort. Hoppas &hellip; <a href=\"https:\/\/haargaard.se\/?p=1923\">Continue reading <span class=\"meta-nav\">&rarr;<\/span><\/a><\/p>\n","protected":false},"author":1,"featured_media":0,"comment_status":"open","ping_status":"open","sticky":false,"template":"","format":"standard","meta":{"spay_email":"","jetpack_publicize_message":"","jetpack_is_tweetstorm":false,"jetpack_publicize_feature_enabled":true},"categories":[1],"tags":[443],"jetpack_featured_media_url":"","jetpack_publicize_connections":[],"jetpack_sharing_enabled":true,"jetpack_shortlink":"https:\/\/wp.me\/p41RA4-v1","_links":{"self":[{"href":"https:\/\/haargaard.se\/index.php?rest_route=\/wp\/v2\/posts\/1923"}],"collection":[{"href":"https:\/\/haargaard.se\/index.php?rest_route=\/wp\/v2\/posts"}],"about":[{"href":"https:\/\/haargaard.se\/index.php?rest_route=\/wp\/v2\/types\/post"}],"author":[{"embeddable":true,"href":"https:\/\/haargaard.se\/index.php?rest_route=\/wp\/v2\/users\/1"}],"replies":[{"embeddable":true,"href":"https:\/\/haargaard.se\/index.php?rest_route=%2Fwp%2Fv2%2Fcomments&post=1923"}],"version-history":[{"count":2,"href":"https:\/\/haargaard.se\/index.php?rest_route=\/wp\/v2\/posts\/1923\/revisions"}],"predecessor-version":[{"id":1929,"href":"https:\/\/haargaard.se\/index.php?rest_route=\/wp\/v2\/posts\/1923\/revisions\/1929"}],"wp:attachment":[{"href":"https:\/\/haargaard.se\/index.php?rest_route=%2Fwp%2Fv2%2Fmedia&parent=1923"}],"wp:term":[{"taxonomy":"category","embeddable":true,"href":"https:\/\/haargaard.se\/index.php?rest_route=%2Fwp%2Fv2%2Fcategories&post=1923"},{"taxonomy":"post_tag","embeddable":true,"href":"https:\/\/haargaard.se\/index.php?rest_route=%2Fwp%2Fv2%2Ftags&post=1923"}],"curies":[{"name":"wp","href":"https:\/\/api.w.org\/{rel}","templated":true}]}}