{"id":180,"date":"2013-03-25T20:53:00","date_gmt":"2013-03-25T18:53:00","guid":{"rendered":"http:\/\/haargaard.se\/?p=180"},"modified":"2013-03-25T20:53:00","modified_gmt":"2013-03-25T18:53:00","slug":"hugos-springtur","status":"publish","type":"post","link":"https:\/\/haargaard.se\/?p=180","title":{"rendered":"Hugos springtur"},"content":{"rendered":"<p><span>Nya tider, annan jycke och eget driv&#8230; s\u00e5 fick \u00e4ntligen Hugo f\u00f6lja med och springa. Efter att ha haft en kalv p\u00e5 gr\u00f6nbete i koppel de f\u00f6rsta kanske 500 metrarna lugnade han sig och kom ih\u00e5g konceptet koppel. Han \u00e4r faktiskt v\u00e4ldigt duktig n\u00e4r han inte har sin hundflock i krokarna. Vi som s\u00e4llsynt tr\u00e4ffar p\u00e5 n\u00e5gon under v\u00e5ra springturer m\u00f6tte s\u00e5 klart idag ett par p\u00e5 promenad med hund modell st\u00f6rre. Hugo var v\u00e4ldigt sugen p\u00e5 utfall men sk\u00f6tte sig f\u00f6red\u00f6mligt f\u00f6rbi. Det var Hugos f\u00f6rsta springtur sen i somras s\u00e5 jag t\u00e4nkte att han v\u00e4l kroknar efter ett tag, men han orkade hela <a href=\"https:\/\/www.polarpersonaltrainer.com\/user\/calendar\/item\/analyze.ftl?id=175689143&#038;r\" target=\"_blank\">rundan<\/a><\/span><span>. Inte gick det snabbt men nu \u00e4r det tr\u00e4ning att springa f\u00f6r egen maskin och l\u00e5ngsamt som g\u00e4ller n\u00e4r det \u00e4r Hugorundor.<\/span><br \/><span><br \/><\/span><span>Nu \u00e4r Hugo tr\u00f6tt&#8230; undrar om vi slipper kv\u00e4llsracet i kv\u00e4ll..?<\/span><br \/><span><br \/><\/span><\/p>\n<div><a href=\"http:\/\/2.bp.blogspot.com\/-ogwFFrYO7wY\/UVCbebRNmBI\/AAAAAAAAetM\/Da1ZB0xIbNM\/s1600\/IMG_8610%5B1%5D.JPG\" imageanchor=\"1\"><img loading=\"lazy\" border=\"0\" height=\"240\" src=\"http:\/\/2.bp.blogspot.com\/-ogwFFrYO7wY\/UVCbebRNmBI\/AAAAAAAAetM\/Da1ZB0xIbNM\/s320\/IMG_8610%5B1%5D.JPG\" width=\"320\"><\/a><\/div>\n<p><\/p>\n<div><a href=\"http:\/\/4.bp.blogspot.com\/-asx6dH1-ACU\/UVCbshoTNnI\/AAAAAAAAetU\/7tYQgOvmfIk\/s1600\/IMG_8612%5B1%5D.JPG\" imageanchor=\"1\"><img loading=\"lazy\" border=\"0\" height=\"240\" src=\"http:\/\/4.bp.blogspot.com\/-asx6dH1-ACU\/UVCbshoTNnI\/AAAAAAAAetU\/7tYQgOvmfIk\/s320\/IMG_8612%5B1%5D.JPG\" width=\"320\"><\/a><\/div>\n","protected":false},"excerpt":{"rendered":"<p>Nya tider, annan jycke och eget driv&#8230; s\u00e5 fick \u00e4ntligen Hugo f\u00f6lja med och springa. Efter att ha haft en kalv p\u00e5 gr\u00f6nbete i koppel de f\u00f6rsta kanske 500 metrarna lugnade han sig och kom ih\u00e5g konceptet koppel. Han \u00e4r &hellip; <a href=\"https:\/\/haargaard.se\/?p=180\">Continue reading <span class=\"meta-nav\">&rarr;<\/span><\/a><\/p>\n","protected":false},"author":1,"featured_media":0,"comment_status":"open","ping_status":"open","sticky":false,"template":"","format":"standard","meta":{"spay_email":"","jetpack_publicize_message":"","jetpack_is_tweetstorm":false,"jetpack_publicize_feature_enabled":true},"categories":[10,59],"tags":[],"jetpack_featured_media_url":"","jetpack_publicize_connections":[],"jetpack_sharing_enabled":true,"jetpack_shortlink":"https:\/\/wp.me\/p41RA4-2U","_links":{"self":[{"href":"https:\/\/haargaard.se\/index.php?rest_route=\/wp\/v2\/posts\/180"}],"collection":[{"href":"https:\/\/haargaard.se\/index.php?rest_route=\/wp\/v2\/posts"}],"about":[{"href":"https:\/\/haargaard.se\/index.php?rest_route=\/wp\/v2\/types\/post"}],"author":[{"embeddable":true,"href":"https:\/\/haargaard.se\/index.php?rest_route=\/wp\/v2\/users\/1"}],"replies":[{"embeddable":true,"href":"https:\/\/haargaard.se\/index.php?rest_route=%2Fwp%2Fv2%2Fcomments&post=180"}],"version-history":[{"count":0,"href":"https:\/\/haargaard.se\/index.php?rest_route=\/wp\/v2\/posts\/180\/revisions"}],"wp:attachment":[{"href":"https:\/\/haargaard.se\/index.php?rest_route=%2Fwp%2Fv2%2Fmedia&parent=180"}],"wp:term":[{"taxonomy":"category","embeddable":true,"href":"https:\/\/haargaard.se\/index.php?rest_route=%2Fwp%2Fv2%2Fcategories&post=180"},{"taxonomy":"post_tag","embeddable":true,"href":"https:\/\/haargaard.se\/index.php?rest_route=%2Fwp%2Fv2%2Ftags&post=180"}],"curies":[{"name":"wp","href":"https:\/\/api.w.org\/{rel}","templated":true}]}}