{"id":1700,"date":"2013-11-22T01:05:42","date_gmt":"2013-11-21T23:05:42","guid":{"rendered":"http:\/\/haargaard.se\/?p=1700"},"modified":"2013-11-22T01:05:42","modified_gmt":"2013-11-21T23:05:42","slug":"karlek-och-brandvarnare","status":"publish","type":"post","link":"https:\/\/haargaard.se\/?p=1700","title":{"rendered":"K\u00e4rlek och brandvarnare"},"content":{"rendered":"<p style=\"text-align: center;\">Saga + Ubbe Snubbe = k\u00e4rlek<\/p>\n<p style=\"text-align: center;\">Det \u00e4r konstigt f\u00f6r de \u00e4r inte kullsyskon utan Ubbe Snubbe \u00e4r ett \u00e5r \u00e4ldre men med minst samma mamma.<\/p>\n<p style=\"text-align: center;\"><img loading=\"lazy\" class=\"alignnone size-medium wp-image-1703\" style=\"font-size: 12px; line-height: 18px;\" alt=\"IMG_5881[1]\" src=\"https:\/\/haargaard.se\/wp-content\/uploads\/2013\/11\/IMG_58811-300x225.jpg\" width=\"300\" height=\"225\" srcset=\"https:\/\/haargaard.se\/wp-content\/uploads\/2013\/11\/IMG_58811-300x225.jpg 300w, https:\/\/haargaard.se\/wp-content\/uploads\/2013\/11\/IMG_58811-1024x768.jpg 1024w\" sizes=\"(max-width: 300px) 100vw, 300px\" \/><\/p>\n<p style=\"text-align: center;\">Hur ser det ut hemma hos er n\u00e4r ni \u00f6ppnar ett paket p\u00e5l\u00e4ggsskinka i k\u00f6ket..? H\u00e4r i rucklet rasslar det till s\u00e5 \u00e4r det fullt av fyrbenta aspiranter och opportunister. Med p\u00e5 bild kom inte Saga och Sally som ocks\u00e5 ville ha skinka&#8230;<\/p>\n<p style=\"text-align: center;\">\u00a0<a href=\"https:\/\/haargaard.se\/wp-content\/uploads\/2013\/11\/IMG_58761.jpg\"><img loading=\"lazy\" class=\"alignnone size-medium wp-image-1702\" alt=\"IMG_5876[1]\" src=\"https:\/\/haargaard.se\/wp-content\/uploads\/2013\/11\/IMG_58761-300x225.jpg\" width=\"300\" height=\"225\" srcset=\"https:\/\/haargaard.se\/wp-content\/uploads\/2013\/11\/IMG_58761-300x225.jpg 300w, https:\/\/haargaard.se\/wp-content\/uploads\/2013\/11\/IMG_58761-1024x768.jpg 1024w\" sizes=\"(max-width: 300px) 100vw, 300px\" \/><\/a><\/p>\n<p style=\"text-align: center;\">Vi pratade brandvarnare p\u00e5 fikat p\u00e5 jobbet h\u00e4rom dagen. Kollegan hade k\u00f6pt brandvarnare som pratar med varandra och tjuter alla samtidigt om de tycker att det \u00e4r l\u00e4ge f\u00f6r det. Jag k\u00f6pte s\u00e5na f\u00f6r n\u00e5gra \u00e5r sen men de har fungerat v\u00e4ldigt d\u00e5ligt och mest klagat \u00f6ver d\u00e5liga batterier stup i kvarten. Har gett upp om dem men t\u00e4nkte att den h\u00e4r varianten var \u00f6verkomliga i pris och sj\u00e4lva funktionen i ett s\u00e5nt h\u00e4r ruckel kan vara skillnad mellan liv och d\u00f6d s\u00e5 p\u00e5\u00b4t igen. Var i alla fall en sv\u00e4ng till stan vid lunchen idag och passade p\u00e5 att k\u00f6pa p\u00e5 mig <a href=\"http:\/\/www.kjell.com\/sortiment\/hus-halsa-fritid\/larm-sakerhet-overvakning\/brand-rok-gas-vatten\/brandvarnare\/tradlos-brandvarnare-p21130\" target=\"_blank\">tre f\u00f6rpackningar med tv\u00e5 i varje<\/a>. \u00a0Gav mig p\u00e5 att fixa upp dem ocks\u00e5 n\u00e4r det egentligen var sovdags men det k\u00e4ndes angel\u00e4get nu n\u00e4r jag faktiskt hade f\u00e5tt \u00e4ndan ur och k\u00f6pt dem. T\u00e4nk om det b\u00f6rjar brinna i natt&#8230; \u00a0Tv\u00e5 av dem f\u00e5r \u00e5ka tillbaka till butiken \u00f6gonab\u00f6j. Den ena klagade p\u00e5 batteriet direkt och den andra verkar inte vara frisk och uppf\u00f6rde sig inte som den skulle vid programmeringen (ihopkopplingen). Dessutom var det ett skruvhuvud av de medf\u00f6ljande skruvarna att f\u00e4sta brandvarnarna i taket med som hade fel. Men tre \u00e4r p\u00e5 plats h\u00e4r nere och en finns f\u00e4rdig till ton\u00e5ringen att skruva upp i hans rum. Fast det kommer v\u00e4l aldrig h\u00e4nda&#8230;<\/p>\n<p style=\"text-align: center;\"><a href=\"https:\/\/haargaard.se\/wp-content\/uploads\/2013\/11\/IMG_58721.jpg\"><img loading=\"lazy\" class=\"alignnone size-medium wp-image-1701\" alt=\"IMG_5872[1]\" src=\"https:\/\/haargaard.se\/wp-content\/uploads\/2013\/11\/IMG_58721-300x225.jpg\" width=\"300\" height=\"225\" srcset=\"https:\/\/haargaard.se\/wp-content\/uploads\/2013\/11\/IMG_58721-300x225.jpg 300w, https:\/\/haargaard.se\/wp-content\/uploads\/2013\/11\/IMG_58721-1024x768.jpg 1024w\" sizes=\"(max-width: 300px) 100vw, 300px\" \/><\/a><\/p>\n<p style=\"text-align: center;\">\n","protected":false},"excerpt":{"rendered":"<p>Saga + Ubbe Snubbe = k\u00e4rlek Det \u00e4r konstigt f\u00f6r de \u00e4r inte kullsyskon utan Ubbe Snubbe \u00e4r ett \u00e5r \u00e4ldre men med minst samma mamma. Hur ser det ut hemma hos er n\u00e4r ni \u00f6ppnar ett paket p\u00e5l\u00e4ggsskinka i &hellip; <a href=\"https:\/\/haargaard.se\/?p=1700\">Continue reading <span class=\"meta-nav\">&rarr;<\/span><\/a><\/p>\n","protected":false},"author":1,"featured_media":0,"comment_status":"open","ping_status":"open","sticky":false,"template":"","format":"standard","meta":{"spay_email":"","jetpack_publicize_message":"","jetpack_is_tweetstorm":false,"jetpack_publicize_feature_enabled":true},"categories":[12],"tags":[429,675],"jetpack_featured_media_url":"","jetpack_publicize_connections":[],"jetpack_sharing_enabled":true,"jetpack_shortlink":"https:\/\/wp.me\/p41RA4-rq","_links":{"self":[{"href":"https:\/\/haargaard.se\/index.php?rest_route=\/wp\/v2\/posts\/1700"}],"collection":[{"href":"https:\/\/haargaard.se\/index.php?rest_route=\/wp\/v2\/posts"}],"about":[{"href":"https:\/\/haargaard.se\/index.php?rest_route=\/wp\/v2\/types\/post"}],"author":[{"embeddable":true,"href":"https:\/\/haargaard.se\/index.php?rest_route=\/wp\/v2\/users\/1"}],"replies":[{"embeddable":true,"href":"https:\/\/haargaard.se\/index.php?rest_route=%2Fwp%2Fv2%2Fcomments&post=1700"}],"version-history":[{"count":1,"href":"https:\/\/haargaard.se\/index.php?rest_route=\/wp\/v2\/posts\/1700\/revisions"}],"predecessor-version":[{"id":1704,"href":"https:\/\/haargaard.se\/index.php?rest_route=\/wp\/v2\/posts\/1700\/revisions\/1704"}],"wp:attachment":[{"href":"https:\/\/haargaard.se\/index.php?rest_route=%2Fwp%2Fv2%2Fmedia&parent=1700"}],"wp:term":[{"taxonomy":"category","embeddable":true,"href":"https:\/\/haargaard.se\/index.php?rest_route=%2Fwp%2Fv2%2Fcategories&post=1700"},{"taxonomy":"post_tag","embeddable":true,"href":"https:\/\/haargaard.se\/index.php?rest_route=%2Fwp%2Fv2%2Ftags&post=1700"}],"curies":[{"name":"wp","href":"https:\/\/api.w.org\/{rel}","templated":true}]}}