{"id":1673,"date":"2013-11-19T00:02:57","date_gmt":"2013-11-18T22:02:57","guid":{"rendered":"http:\/\/haargaard.se\/?p=1673"},"modified":"2013-11-19T00:02:57","modified_gmt":"2013-11-18T22:02:57","slug":"varfor-sova-nar-jag-kan-baka","status":"publish","type":"post","link":"https:\/\/haargaard.se\/?p=1673","title":{"rendered":"Varf\u00f6r sova n\u00e4r jag kan baka..?"},"content":{"rendered":"<p style=\"text-align: center;\">Efter en tripp till Sm\u00e5land och ett nytt projekt ig\u00e5ngsatt var det bara att kasta mig ut f\u00f6r kv\u00e4llstj\u00e4nst i rucklet. Fixade en extra vattentunna till h\u00e4starna s\u00e5 ska de f\u00f6rhoppningsvis inte hinna dricka upp innan jag hinner fylla p\u00e5 mer.<\/p>\n<p style=\"text-align: center;\"><a href=\"https:\/\/haargaard.se\/wp-content\/uploads\/2013\/11\/IMG_58001.jpg\"><img loading=\"lazy\" class=\"alignnone size-medium wp-image-1674\" alt=\"IMG_5800[1]\" src=\"https:\/\/haargaard.se\/wp-content\/uploads\/2013\/11\/IMG_58001-300x225.jpg\" width=\"300\" height=\"225\" srcset=\"https:\/\/haargaard.se\/wp-content\/uploads\/2013\/11\/IMG_58001-300x225.jpg 300w, https:\/\/haargaard.se\/wp-content\/uploads\/2013\/11\/IMG_58001-1024x768.jpg 1024w\" sizes=\"(max-width: 300px) 100vw, 300px\" \/><\/a><\/p>\n<p style=\"text-align: center;\">S\u00f6ren verkar ha bra l\u00e4kk\u00f6tt som vanligt&#8230; de tv\u00e5 varb\u00f6ldsh\u00e5len l\u00e4ker fint trots att Hugo hj\u00e4lper till att tv\u00e4tta s\u00e5 fort han kommer \u00e5t. \u00a0Det \u00e4r tur S\u00f6ren l\u00e4ker bra med tanke p\u00e5 hur han \u00e4r ute och ser till att f\u00e5 nya s\u00e5r hela tiden&#8230;<\/p>\n<p style=\"text-align: center;\"><a href=\"https:\/\/haargaard.se\/wp-content\/uploads\/2013\/11\/IMG_58061.jpg\"><img loading=\"lazy\" class=\"alignnone size-medium wp-image-1675\" alt=\"IMG_5806[1]\" src=\"https:\/\/haargaard.se\/wp-content\/uploads\/2013\/11\/IMG_58061-300x225.jpg\" width=\"300\" height=\"225\" srcset=\"https:\/\/haargaard.se\/wp-content\/uploads\/2013\/11\/IMG_58061-300x225.jpg 300w, https:\/\/haargaard.se\/wp-content\/uploads\/2013\/11\/IMG_58061-1024x768.jpg 1024w\" sizes=\"(max-width: 300px) 100vw, 300px\" \/><\/a><\/p>\n<p style=\"text-align: center;\">Varf\u00f6r f\u00f6rs\u00f6ka komma i s\u00e4ng n\u00e4r ton\u00e5ringen droppade id\u00e9n att jag kunde baka n\u00e5got ur kokboken jag kikade i ig\u00e5r..? Provade glutenfria chokladmuffins. Visst \u00e4r det hyfsat gott men det \u00e4r en annan smak \u00e4n bakat p\u00e5 vetemj\u00f6l. F\u00e5r hoppas att jag v\u00e4njer mig f\u00f6r godare \u00e4n s\u00e5 h\u00e4r blir det nog inte&#8230;<\/p>\n<p style=\"text-align: center;\"><a href=\"https:\/\/haargaard.se\/wp-content\/uploads\/2013\/11\/IMG_58111.jpg\"><img loading=\"lazy\" class=\"alignnone size-medium wp-image-1676\" alt=\"IMG_5811[1]\" src=\"https:\/\/haargaard.se\/wp-content\/uploads\/2013\/11\/IMG_58111-300x225.jpg\" width=\"300\" height=\"225\" srcset=\"https:\/\/haargaard.se\/wp-content\/uploads\/2013\/11\/IMG_58111-300x225.jpg 300w, https:\/\/haargaard.se\/wp-content\/uploads\/2013\/11\/IMG_58111-1024x768.jpg 1024w\" sizes=\"(max-width: 300px) 100vw, 300px\" \/><\/a> <a href=\"https:\/\/haargaard.se\/wp-content\/uploads\/2013\/11\/IMG_58131.jpg\"><img loading=\"lazy\" class=\"alignnone size-medium wp-image-1677\" alt=\"IMG_5813[1]\" src=\"https:\/\/haargaard.se\/wp-content\/uploads\/2013\/11\/IMG_58131-300x225.jpg\" width=\"300\" height=\"225\" srcset=\"https:\/\/haargaard.se\/wp-content\/uploads\/2013\/11\/IMG_58131-300x225.jpg 300w, https:\/\/haargaard.se\/wp-content\/uploads\/2013\/11\/IMG_58131-1024x768.jpg 1024w\" sizes=\"(max-width: 300px) 100vw, 300px\" \/><\/a><\/p>\n<p style=\"text-align: center;\">Recept<\/p>\n<p style=\"text-align: center;\">Blanda det torra:<\/p>\n<p style=\"text-align: center;\">1 msk vaniljsocker<\/p>\n<p style=\"text-align: center;\">2 tsk bakpulver<\/p>\n<p style=\"text-align: center;\">1 dl r\u00f6rsocker<\/p>\n<p style=\"text-align: center;\">1 msk psylliumfr\u00f6skal<\/p>\n<p style=\"text-align: center;\">1 dl rismj\u00f6l<\/p>\n<p style=\"text-align: center;\">0,5 dl maizena<\/p>\n<p style=\"text-align: center;\">0,5 dl mandelmj\u00f6l<\/p>\n<p style=\"text-align: center;\">1 msk kakao<\/p>\n<p style=\"text-align: center;\">R\u00f6r i 75 g sm\u00e4lt sm\u00f6r och 2 \u00e4gg.<\/p>\n<p style=\"text-align: center;\">Blanda snabbt ihop.<\/p>\n<p style=\"text-align: center;\">Klicka ut i 12 muffinsformar.<\/p>\n<p style=\"text-align: center;\">Gr\u00e4dda i 180 grader i 15-20 min.<\/p>\n<p style=\"text-align: center;\">Recept ur <a href=\"http:\/\/www.adlibris.com\/se\/bok\/friendly-bread-baka-glutenfritt-fran-baguette-till-brownie-9789171262585\" target=\"_blank\">Friendly Bread Baka Glutenfritt<\/a>. En r\u00e4tt bra bok om att baka glutenfritt f\u00f6rutom att durramj\u00f6l \u00e4r en standardingrediens och det finns inte att f\u00e5 tag i varken i Varberg eller Falkenberg. Trots idogt tjatande varenda g\u00e5ng jag \u00e4r och handlar b\u00e5de p\u00e5 Kvantum i Falkenberg och Coop i Varberg&#8230;<\/p>\n","protected":false},"excerpt":{"rendered":"<p>Efter en tripp till Sm\u00e5land och ett nytt projekt ig\u00e5ngsatt var det bara att kasta mig ut f\u00f6r kv\u00e4llstj\u00e4nst i rucklet. Fixade en extra vattentunna till h\u00e4starna s\u00e5 ska de f\u00f6rhoppningsvis inte hinna dricka upp innan jag hinner fylla p\u00e5 &hellip; <a href=\"https:\/\/haargaard.se\/?p=1673\">Continue reading <span class=\"meta-nav\">&rarr;<\/span><\/a><\/p>\n","protected":false},"author":1,"featured_media":0,"comment_status":"open","ping_status":"open","sticky":false,"template":"","format":"standard","meta":{"spay_email":"","jetpack_publicize_message":"","jetpack_is_tweetstorm":false,"jetpack_publicize_feature_enabled":true},"categories":[312,11,39],"tags":[684],"jetpack_featured_media_url":"","jetpack_publicize_connections":[],"jetpack_sharing_enabled":true,"jetpack_shortlink":"https:\/\/wp.me\/p41RA4-qZ","_links":{"self":[{"href":"https:\/\/haargaard.se\/index.php?rest_route=\/wp\/v2\/posts\/1673"}],"collection":[{"href":"https:\/\/haargaard.se\/index.php?rest_route=\/wp\/v2\/posts"}],"about":[{"href":"https:\/\/haargaard.se\/index.php?rest_route=\/wp\/v2\/types\/post"}],"author":[{"embeddable":true,"href":"https:\/\/haargaard.se\/index.php?rest_route=\/wp\/v2\/users\/1"}],"replies":[{"embeddable":true,"href":"https:\/\/haargaard.se\/index.php?rest_route=%2Fwp%2Fv2%2Fcomments&post=1673"}],"version-history":[{"count":1,"href":"https:\/\/haargaard.se\/index.php?rest_route=\/wp\/v2\/posts\/1673\/revisions"}],"predecessor-version":[{"id":1678,"href":"https:\/\/haargaard.se\/index.php?rest_route=\/wp\/v2\/posts\/1673\/revisions\/1678"}],"wp:attachment":[{"href":"https:\/\/haargaard.se\/index.php?rest_route=%2Fwp%2Fv2%2Fmedia&parent=1673"}],"wp:term":[{"taxonomy":"category","embeddable":true,"href":"https:\/\/haargaard.se\/index.php?rest_route=%2Fwp%2Fv2%2Fcategories&post=1673"},{"taxonomy":"post_tag","embeddable":true,"href":"https:\/\/haargaard.se\/index.php?rest_route=%2Fwp%2Fv2%2Ftags&post=1673"}],"curies":[{"name":"wp","href":"https:\/\/api.w.org\/{rel}","templated":true}]}}