{"id":15029,"date":"2022-07-03T23:32:14","date_gmt":"2022-07-03T21:32:14","guid":{"rendered":"https:\/\/haargaard.se\/?p=15029"},"modified":"2022-07-03T23:32:14","modified_gmt":"2022-07-03T21:32:14","slug":"covid-fritt-i-rucklet-igen","status":"publish","type":"post","link":"https:\/\/haargaard.se\/?p=15029","title":{"rendered":"Covid-fritt i Rucklet igen"},"content":{"rendered":"\n<p>Som en liten present fr\u00e5n <a rel=\"noreferrer noopener\" href=\"https:\/\/haargaard.se\/?p=15027\" data-type=\"URL\" data-id=\"https:\/\/haargaard.se\/?p=15027\" target=\"_blank\">Islandsresan <\/a>fick jag med en sl\u00e4ng covid i bagaget liksom n\u00e5gra till i ress\u00e4llskapet. Var lite sm\u00e5sjuk f\u00f6rra s\u00f6ndagen som natten till m\u00e5ndagen gick \u00f6ver i rej\u00e4lt med feber, runt 39 grader. Var ganska spak ett dygn. Tisdag eftermiddag var jag feberfri igen. P\u00e5 onsdagen insjuknade tre till h\u00e4r hemma. Den femte verkar klara sig utan att bli sjuk. Fr\u00e5n och med imorgon har \u00e4ven de passerat sjukdag fem samt minst tv\u00e5 feberfria dagar och Rucklet \u00e4r att betrakta som covid-fritt igen. D\u00e5 kanske vi klarar oss n\u00e5got \u00e5r igen nu. <\/p>\n\n\n\n<p>De d\u00e4r sj\u00e4lvtesten fungerar s\u00e5 d\u00e4r. F\u00f6rst tredje kv\u00e4llen visade provet positivt.<\/p>\n\n\n\n<p><a rel=\"noreferrer noopener\" href=\"https:\/\/haargaard.se\/?p=13669\" data-type=\"URL\" data-id=\"https:\/\/haargaard.se\/?p=13669\" target=\"_blank\">F\u00f6rra covid-repan<\/a> hade vi f\u00f6r drygt ett \u00e5r sedan, i m\u00e5nadsskiftet april-maj 2021. Ett av barnen tog det med hem fr\u00e5n skolan. D\u00e5 var det fortfarande smittsp\u00e5rning, s\u00e5 femte dagen efter f\u00f6rsta positiva testet testades \u00f6vriga i familjen igen. D\u00e5 var ett barn till positivt. S\u00e5 resten av familjen testades efter fem dagar igen. Ytterligare ett barn positivt. S\u00e5 p\u00e5 femte dagen igen testade jag positivt. Den siste k\u00e4mpen testades efter ytterligare fem dagar och klarade sig utan att bli sjuk alls. Drygt tre veckors isolering tog vi oss igenom d\u00e5. Nu slapp jag undan med fem. Jag var knappt sjuk alls och stod emot smittan i m\u00e5nga dagar \u00e4ven om jag sk\u00f6tte om samtliga insjuknade barn. Tackar <a rel=\"noreferrer noopener\" href=\"https:\/\/haargaard.se\/?p=6044\" data-type=\"URL\" data-id=\"https:\/\/haargaard.se\/?p=6044\" target=\"_blank\">kefiren <\/a>f\u00f6r mitt goda immunf\u00f6rsvar!<\/p>\n\n\n\n<figure class=\"wp-block-image size-medium\"><a href=\"https:\/\/haargaard.se\/wp-content\/uploads\/2022\/07\/IMG_0717.jpg\"><img loading=\"lazy\" width=\"225\" height=\"300\" src=\"https:\/\/haargaard.se\/wp-content\/uploads\/2022\/07\/IMG_0717-225x300.jpg\" alt=\"\" class=\"wp-image-15030\" srcset=\"https:\/\/haargaard.se\/wp-content\/uploads\/2022\/07\/IMG_0717-225x300.jpg 225w, https:\/\/haargaard.se\/wp-content\/uploads\/2022\/07\/IMG_0717.jpg 686w\" sizes=\"(max-width: 225px) 100vw, 225px\" \/><\/a><\/figure>\n","protected":false},"excerpt":{"rendered":"<p>Som en liten present fr\u00e5n Islandsresan fick jag med en sl\u00e4ng covid i bagaget liksom n\u00e5gra till i ress\u00e4llskapet. Var lite sm\u00e5sjuk f\u00f6rra s\u00f6ndagen som natten till m\u00e5ndagen gick \u00f6ver i rej\u00e4lt med feber, runt 39 grader. Var ganska spak &hellip; <a href=\"https:\/\/haargaard.se\/?p=15029\">Continue reading <span class=\"meta-nav\">&rarr;<\/span><\/a><\/p>\n","protected":false},"author":1,"featured_media":0,"comment_status":"open","ping_status":"open","sticky":false,"template":"","format":"standard","meta":{"spay_email":"","jetpack_publicize_message":"","jetpack_is_tweetstorm":false,"jetpack_publicize_feature_enabled":true},"categories":[1],"tags":[1160],"jetpack_featured_media_url":"","jetpack_publicize_connections":[],"jetpack_sharing_enabled":true,"jetpack_shortlink":"https:\/\/wp.me\/p41RA4-3Up","_links":{"self":[{"href":"https:\/\/haargaard.se\/index.php?rest_route=\/wp\/v2\/posts\/15029"}],"collection":[{"href":"https:\/\/haargaard.se\/index.php?rest_route=\/wp\/v2\/posts"}],"about":[{"href":"https:\/\/haargaard.se\/index.php?rest_route=\/wp\/v2\/types\/post"}],"author":[{"embeddable":true,"href":"https:\/\/haargaard.se\/index.php?rest_route=\/wp\/v2\/users\/1"}],"replies":[{"embeddable":true,"href":"https:\/\/haargaard.se\/index.php?rest_route=%2Fwp%2Fv2%2Fcomments&post=15029"}],"version-history":[{"count":1,"href":"https:\/\/haargaard.se\/index.php?rest_route=\/wp\/v2\/posts\/15029\/revisions"}],"predecessor-version":[{"id":15031,"href":"https:\/\/haargaard.se\/index.php?rest_route=\/wp\/v2\/posts\/15029\/revisions\/15031"}],"wp:attachment":[{"href":"https:\/\/haargaard.se\/index.php?rest_route=%2Fwp%2Fv2%2Fmedia&parent=15029"}],"wp:term":[{"taxonomy":"category","embeddable":true,"href":"https:\/\/haargaard.se\/index.php?rest_route=%2Fwp%2Fv2%2Fcategories&post=15029"},{"taxonomy":"post_tag","embeddable":true,"href":"https:\/\/haargaard.se\/index.php?rest_route=%2Fwp%2Fv2%2Ftags&post=15029"}],"curies":[{"name":"wp","href":"https:\/\/api.w.org\/{rel}","templated":true}]}}