{"id":14668,"date":"2022-05-06T21:50:34","date_gmt":"2022-05-06T19:50:34","guid":{"rendered":"https:\/\/haargaard.se\/?p=14668"},"modified":"2022-05-06T21:50:34","modified_gmt":"2022-05-06T19:50:34","slug":"antagen-till-guf-och-materiel-uthamtad","status":"publish","type":"post","link":"https:\/\/haargaard.se\/?p=14668","title":{"rendered":"Antagen till GU:F och materiel uth\u00e4mtad"},"content":{"rendered":"\n<p>Frivilligavtalet med F\u00f6rsvarsmakten \u00e4r klart och <a rel=\"noreferrer noopener\" href=\"https:\/\/jobb.forsvarsmakten.se\/sv\/utbildning\/ovriga-utbildningar\/frivilligorganisationernas-utbildningar\/guf\/\" data-type=\"URL\" data-id=\"https:\/\/jobb.forsvarsmakten.se\/sv\/utbildning\/ovriga-utbildningar\/frivilligorganisationernas-utbildningar\/guf\/\" target=\"_blank\">\u00e4r antagen till GU:Fen<\/a>. I sommar ska jag g\u00f6ra 14 dagars grundl\u00e4ggande soldatutbildning. Det \u00e4r en del av utbildningen till hundf\u00f6rare f\u00f6r patrullhund. H\u00e4mtade ut materielen i veckan. Jisses vad med prylar!<\/p>\n\n\n\n<figure class=\"wp-block-image size-medium\"><a href=\"https:\/\/haargaard.se\/wp-content\/uploads\/2022\/05\/IMG_9416.jpg\"><img loading=\"lazy\" width=\"300\" height=\"225\" src=\"https:\/\/haargaard.se\/wp-content\/uploads\/2022\/05\/IMG_9416-300x225.jpg\" alt=\"\" class=\"wp-image-14678\" srcset=\"https:\/\/haargaard.se\/wp-content\/uploads\/2022\/05\/IMG_9416-300x225.jpg 300w, https:\/\/haargaard.se\/wp-content\/uploads\/2022\/05\/IMG_9416-1024x768.jpg 1024w, https:\/\/haargaard.se\/wp-content\/uploads\/2022\/05\/IMG_9416-768x576.jpg 768w, https:\/\/haargaard.se\/wp-content\/uploads\/2022\/05\/IMG_9416-1536x1152.jpg 1536w, https:\/\/haargaard.se\/wp-content\/uploads\/2022\/05\/IMG_9416.jpg 1696w\" sizes=\"(max-width: 300px) 100vw, 300px\" \/><\/a><\/figure>\n","protected":false},"excerpt":{"rendered":"<p>Frivilligavtalet med F\u00f6rsvarsmakten \u00e4r klart och \u00e4r antagen till GU:Fen. I sommar ska jag g\u00f6ra 14 dagars grundl\u00e4ggande soldatutbildning. Det \u00e4r en del av utbildningen till hundf\u00f6rare f\u00f6r patrullhund. H\u00e4mtade ut materielen i veckan. Jisses vad med prylar!<\/p>\n","protected":false},"author":1,"featured_media":0,"comment_status":"open","ping_status":"open","sticky":false,"template":"","format":"standard","meta":{"spay_email":"","jetpack_publicize_message":"","jetpack_is_tweetstorm":false,"jetpack_publicize_feature_enabled":true},"categories":[1129,1128,1098],"tags":[1130,1132,1131,1099],"jetpack_featured_media_url":"","jetpack_publicize_connections":[],"jetpack_sharing_enabled":true,"jetpack_shortlink":"https:\/\/wp.me\/p41RA4-3OA","_links":{"self":[{"href":"https:\/\/haargaard.se\/index.php?rest_route=\/wp\/v2\/posts\/14668"}],"collection":[{"href":"https:\/\/haargaard.se\/index.php?rest_route=\/wp\/v2\/posts"}],"about":[{"href":"https:\/\/haargaard.se\/index.php?rest_route=\/wp\/v2\/types\/post"}],"author":[{"embeddable":true,"href":"https:\/\/haargaard.se\/index.php?rest_route=\/wp\/v2\/users\/1"}],"replies":[{"embeddable":true,"href":"https:\/\/haargaard.se\/index.php?rest_route=%2Fwp%2Fv2%2Fcomments&post=14668"}],"version-history":[{"count":2,"href":"https:\/\/haargaard.se\/index.php?rest_route=\/wp\/v2\/posts\/14668\/revisions"}],"predecessor-version":[{"id":14679,"href":"https:\/\/haargaard.se\/index.php?rest_route=\/wp\/v2\/posts\/14668\/revisions\/14679"}],"wp:attachment":[{"href":"https:\/\/haargaard.se\/index.php?rest_route=%2Fwp%2Fv2%2Fmedia&parent=14668"}],"wp:term":[{"taxonomy":"category","embeddable":true,"href":"https:\/\/haargaard.se\/index.php?rest_route=%2Fwp%2Fv2%2Fcategories&post=14668"},{"taxonomy":"post_tag","embeddable":true,"href":"https:\/\/haargaard.se\/index.php?rest_route=%2Fwp%2Fv2%2Ftags&post=14668"}],"curies":[{"name":"wp","href":"https:\/\/api.w.org\/{rel}","templated":true}]}}