{"id":14525,"date":"2022-03-23T01:29:40","date_gmt":"2022-03-22T23:29:40","guid":{"rendered":"https:\/\/haargaard.se\/?p=14525"},"modified":"2022-03-23T01:29:40","modified_gmt":"2022-03-22T23:29:40","slug":"marksten-till-hundgardarna","status":"publish","type":"post","link":"https:\/\/haargaard.se\/?p=14525","title":{"rendered":"Marksten till hundg\u00e5rdarna"},"content":{"rendered":"\n<p>Har b\u00f6rjat lagra p\u00e5 mig marksten f\u00f6r att l\u00e4gga i <a rel=\"noreferrer noopener\" href=\"https:\/\/haargaard.se\/?p=14500\" data-type=\"URL\" data-id=\"https:\/\/haargaard.se\/?p=14500\" target=\"_blank\">hundg\u00e5rdarna<\/a>. Plattorna \u00e4r s\u00e5 tunga s\u00e5 det g\u00e5r inte att lasta speciellt m\u00e5nga \u00e5t g\u00e5ngen i h\u00e4sttransporten. H\u00e4mtade ett lass ig\u00e5r. Ytterligare ett lass idag. N\u00e4sta lass blir fredag efter jobbet. Det tar p\u00e5 kroppen att k\u00e5nka marksten \u00e4ven om vi var n\u00e5gra stycken som bar. Det \u00e4r nog inte bara jag som \u00e4r sliten ikv\u00e4ll. Sk\u00f6nt att f\u00e5 ett par dagars vila fr\u00e5n tungt k\u00e5nkande.<\/p>\n\n\n\n<figure class=\"wp-block-image size-medium\"><a href=\"https:\/\/haargaard.se\/wp-content\/uploads\/2022\/03\/IMG_8989.jpg\"><img loading=\"lazy\" width=\"300\" height=\"225\" src=\"https:\/\/haargaard.se\/wp-content\/uploads\/2022\/03\/IMG_8989-300x225.jpg\" alt=\"\" class=\"wp-image-14526\" srcset=\"https:\/\/haargaard.se\/wp-content\/uploads\/2022\/03\/IMG_8989-300x225.jpg 300w, https:\/\/haargaard.se\/wp-content\/uploads\/2022\/03\/IMG_8989-1024x768.jpg 1024w, https:\/\/haargaard.se\/wp-content\/uploads\/2022\/03\/IMG_8989-768x576.jpg 768w, https:\/\/haargaard.se\/wp-content\/uploads\/2022\/03\/IMG_8989.jpg 1104w\" sizes=\"(max-width: 300px) 100vw, 300px\" \/><\/a><\/figure>\n","protected":false},"excerpt":{"rendered":"<p>Har b\u00f6rjat lagra p\u00e5 mig marksten f\u00f6r att l\u00e4gga i hundg\u00e5rdarna. Plattorna \u00e4r s\u00e5 tunga s\u00e5 det g\u00e5r inte att lasta speciellt m\u00e5nga \u00e5t g\u00e5ngen i h\u00e4sttransporten. H\u00e4mtade ett lass ig\u00e5r. Ytterligare ett lass idag. N\u00e4sta lass blir fredag efter &hellip; <a href=\"https:\/\/haargaard.se\/?p=14525\">Continue reading <span class=\"meta-nav\">&rarr;<\/span><\/a><\/p>\n","protected":false},"author":1,"featured_media":0,"comment_status":"open","ping_status":"open","sticky":false,"template":"","format":"standard","meta":{"spay_email":"","jetpack_publicize_message":"","jetpack_is_tweetstorm":false,"jetpack_publicize_feature_enabled":true},"categories":[10],"tags":[673,415,994],"jetpack_featured_media_url":"","jetpack_publicize_connections":[],"jetpack_sharing_enabled":true,"jetpack_shortlink":"https:\/\/wp.me\/p41RA4-3Mh","_links":{"self":[{"href":"https:\/\/haargaard.se\/index.php?rest_route=\/wp\/v2\/posts\/14525"}],"collection":[{"href":"https:\/\/haargaard.se\/index.php?rest_route=\/wp\/v2\/posts"}],"about":[{"href":"https:\/\/haargaard.se\/index.php?rest_route=\/wp\/v2\/types\/post"}],"author":[{"embeddable":true,"href":"https:\/\/haargaard.se\/index.php?rest_route=\/wp\/v2\/users\/1"}],"replies":[{"embeddable":true,"href":"https:\/\/haargaard.se\/index.php?rest_route=%2Fwp%2Fv2%2Fcomments&post=14525"}],"version-history":[{"count":1,"href":"https:\/\/haargaard.se\/index.php?rest_route=\/wp\/v2\/posts\/14525\/revisions"}],"predecessor-version":[{"id":14528,"href":"https:\/\/haargaard.se\/index.php?rest_route=\/wp\/v2\/posts\/14525\/revisions\/14528"}],"wp:attachment":[{"href":"https:\/\/haargaard.se\/index.php?rest_route=%2Fwp%2Fv2%2Fmedia&parent=14525"}],"wp:term":[{"taxonomy":"category","embeddable":true,"href":"https:\/\/haargaard.se\/index.php?rest_route=%2Fwp%2Fv2%2Fcategories&post=14525"},{"taxonomy":"post_tag","embeddable":true,"href":"https:\/\/haargaard.se\/index.php?rest_route=%2Fwp%2Fv2%2Ftags&post=14525"}],"curies":[{"name":"wp","href":"https:\/\/api.w.org\/{rel}","templated":true}]}}